{"id":124343,"date":"2023-07-11T19:24:31","date_gmt":"2023-07-11T22:24:31","guid":{"rendered":"https:\/\/vinasfm.com\/noticias\/?p=124343"},"modified":"2023-07-13T08:29:23","modified_gmt":"2023-07-13T11:29:23","slug":"la-espera-termino-y-finalmente-se-entregaron-las-viviendas-del-barrio-el-juncalito-ii","status":"publish","type":"post","link":"https:\/\/vinasfm.com\/noticias\/la-espera-termino-y-finalmente-se-entregaron-las-viviendas-del-barrio-el-juncalito-ii\/","title":{"rendered":"LA ESPERA TERMIN\u00d3 Y FINALMENTE SE ENTREGARON LAS VIVIENDAS DEL BARRIO \u00abEL JUNCALITO II\u00bb"},"content":{"rendered":"<p><strong>El intendente Walther Marcolini junto con el Gobernador Rodolfo Su\u00e1rez, la presidenta del IPV, Mar\u00eda Marta Ontanilla, y el ministro de Planificaci\u00f3n e Infraestructura P\u00fablica, Mario Isgro, entregaron las llaves de las 25 casas del barrio \u00abEl Juncalito II\u00bb.<\/strong><\/p>\n<p>Durante la jornada, Su\u00e1rez puso en valor el trabajo del Municipio al detallar que desde la Comuna se ocuparon de la urbanizaci\u00f3n. Agreg\u00f3 que <em><strong>\u00abhay que seguir trabajando en forma conjunta en esta pol\u00edtica p\u00fablica que llevamos adelante\u00bb.<\/strong><\/em><\/p>\n<p>El mandatario asegur\u00f3 que la construcci\u00f3n de viviendas seguir\u00e1 siendo uno de los principales ejes de gesti\u00f3n y record\u00f3 que <em><strong>\u00abel Gobierno nacional no construy\u00f3 m\u00e1s casas en Mendoza\u00bb.<\/strong><\/em> Asimismo, aclar\u00f3 que <strong><em>\u00absomos el equipo que va a seguir ofreciendo viviendas. Sin la ayuda del Estado y sin este esfuerzo conjunto de todos los actores involucrados, es muy dif\u00edcil acceder a una vivienda en la Argentina\u00bb.<\/em><\/strong><\/p>\n<p><a href=\"https:\/\/vinasfm.com\/noticias\/wp-content\/uploads\/2023\/07\/WhatsApp-Image-2023-07-11-at-10.56.02.jpeg\"><img loading=\"lazy\" decoding=\"async\" class=\"wp-image-124345 aligncenter\" src=\"https:\/\/vinasfm.com\/noticias\/wp-content\/uploads\/2023\/07\/WhatsApp-Image-2023-07-11-at-10.56.02.jpeg\" alt=\"\" width=\"500\" height=\"282\" srcset=\"https:\/\/vinasfm.com\/noticias\/wp-content\/uploads\/2023\/07\/WhatsApp-Image-2023-07-11-at-10.56.02.jpeg 1600w, https:\/\/vinasfm.com\/noticias\/wp-content\/uploads\/2023\/07\/WhatsApp-Image-2023-07-11-at-10.56.02-300x169.jpeg 300w, https:\/\/vinasfm.com\/noticias\/wp-content\/uploads\/2023\/07\/WhatsApp-Image-2023-07-11-at-10.56.02-1024x577.jpeg 1024w, https:\/\/vinasfm.com\/noticias\/wp-content\/uploads\/2023\/07\/WhatsApp-Image-2023-07-11-at-10.56.02-768x432.jpeg 768w, https:\/\/vinasfm.com\/noticias\/wp-content\/uploads\/2023\/07\/WhatsApp-Image-2023-07-11-at-10.56.02-1536x865.jpeg 1536w, https:\/\/vinasfm.com\/noticias\/wp-content\/uploads\/2023\/07\/WhatsApp-Image-2023-07-11-at-10.56.02-1140x641.jpeg 1140w\" sizes=\"auto, (max-width: 500px) 100vw, 500px\" \/><\/a><\/p>\n<p>Por su parte, el Sr. Intendente agradeci\u00f3 al Gobernador, <strong>\u00abquien ha sido un gran apoyo para la gesti\u00f3n, como lo fue en su momento Alfredo Cornejo\u00bb<\/strong>\u00a0 y se\u00f1al\u00f3 que, en estos casi ocho a\u00f1os de gesti\u00f3n, en General Alvear se han entregado m\u00e1s de 500 viviendas y hay en ejecuci\u00f3n 120 y 216 para iniciar.<\/p>\n<p>El jefe comunal destac\u00f3 \u00abel compromiso del Gobierno de la Provincia con la vivienda social y con las familias\u00bb y coment\u00f3: <em><strong>\u00abHoy, hay 25 familias alvearenses que reciben su casa y quiero agradecer a todo el personal del Instituto Provincial de la Vivienda por el trabajo, el compromiso, el esfuerzo para que estas viviendas pudieran hacerse\u00bb.<\/strong><\/em><\/p>\n<p><em><strong>\u00abLa vivienda social es la transformaci\u00f3n de la vida de cada una de las familias y esperamos que las disfruten\u00bb<\/strong><\/em>, asegur\u00f3 Marcolini, y remarc\u00f3 la importante inversi\u00f3n que ha realizado el Gobierno provincial en el departamento, con distintas obras. Asimismo, se\u00f1al\u00f3 que <em><strong>\u00abesto tambi\u00e9n ha significado y significa generaci\u00f3n de trabajo\u00bb.<\/strong><\/em><\/p>\n<p><a href=\"https:\/\/vinasfm.com\/noticias\/wp-content\/uploads\/2023\/07\/WhatsApp-Image-2023-07-11-at-10.58.04.jpeg\"><img loading=\"lazy\" decoding=\"async\" class=\"alignnone wp-image-124346\" src=\"https:\/\/vinasfm.com\/noticias\/wp-content\/uploads\/2023\/07\/WhatsApp-Image-2023-07-11-at-10.58.04.jpeg\" alt=\"\" width=\"350\" height=\"197\" srcset=\"https:\/\/vinasfm.com\/noticias\/wp-content\/uploads\/2023\/07\/WhatsApp-Image-2023-07-11-at-10.58.04.jpeg 1600w, https:\/\/vinasfm.com\/noticias\/wp-content\/uploads\/2023\/07\/WhatsApp-Image-2023-07-11-at-10.58.04-300x169.jpeg 300w, https:\/\/vinasfm.com\/noticias\/wp-content\/uploads\/2023\/07\/WhatsApp-Image-2023-07-11-at-10.58.04-1024x577.jpeg 1024w, https:\/\/vinasfm.com\/noticias\/wp-content\/uploads\/2023\/07\/WhatsApp-Image-2023-07-11-at-10.58.04-768x432.jpeg 768w, https:\/\/vinasfm.com\/noticias\/wp-content\/uploads\/2023\/07\/WhatsApp-Image-2023-07-11-at-10.58.04-1536x865.jpeg 1536w, https:\/\/vinasfm.com\/noticias\/wp-content\/uploads\/2023\/07\/WhatsApp-Image-2023-07-11-at-10.58.04-750x420.jpeg 750w, https:\/\/vinasfm.com\/noticias\/wp-content\/uploads\/2023\/07\/WhatsApp-Image-2023-07-11-at-10.58.04-1140x641.jpeg 1140w\" sizes=\"auto, (max-width: 350px) 100vw, 350px\" \/><\/a> <a href=\"https:\/\/vinasfm.com\/noticias\/wp-content\/uploads\/2023\/07\/WhatsApp-Image-2023-07-11-at-11.01.16.jpeg\"><img loading=\"lazy\" decoding=\"async\" class=\"alignnone wp-image-124347\" src=\"https:\/\/vinasfm.com\/noticias\/wp-content\/uploads\/2023\/07\/WhatsApp-Image-2023-07-11-at-11.01.16.jpeg\" alt=\"\" width=\"350\" height=\"197\" srcset=\"https:\/\/vinasfm.com\/noticias\/wp-content\/uploads\/2023\/07\/WhatsApp-Image-2023-07-11-at-11.01.16.jpeg 1600w, https:\/\/vinasfm.com\/noticias\/wp-content\/uploads\/2023\/07\/WhatsApp-Image-2023-07-11-at-11.01.16-300x169.jpeg 300w, https:\/\/vinasfm.com\/noticias\/wp-content\/uploads\/2023\/07\/WhatsApp-Image-2023-07-11-at-11.01.16-1024x577.jpeg 1024w, https:\/\/vinasfm.com\/noticias\/wp-content\/uploads\/2023\/07\/WhatsApp-Image-2023-07-11-at-11.01.16-768x432.jpeg 768w, https:\/\/vinasfm.com\/noticias\/wp-content\/uploads\/2023\/07\/WhatsApp-Image-2023-07-11-at-11.01.16-1536x865.jpeg 1536w, https:\/\/vinasfm.com\/noticias\/wp-content\/uploads\/2023\/07\/WhatsApp-Image-2023-07-11-at-11.01.16-750x420.jpeg 750w, https:\/\/vinasfm.com\/noticias\/wp-content\/uploads\/2023\/07\/WhatsApp-Image-2023-07-11-at-11.01.16-1140x641.jpeg 1140w\" sizes=\"auto, (max-width: 350px) 100vw, 350px\" \/><\/a> <a href=\"https:\/\/vinasfm.com\/noticias\/wp-content\/uploads\/2023\/07\/WhatsApp-Image-2023-07-11-at-11.01.17-1.jpeg\"><img loading=\"lazy\" decoding=\"async\" class=\"alignnone wp-image-124348\" src=\"https:\/\/vinasfm.com\/noticias\/wp-content\/uploads\/2023\/07\/WhatsApp-Image-2023-07-11-at-11.01.17-1.jpeg\" alt=\"\" width=\"350\" height=\"197\" srcset=\"https:\/\/vinasfm.com\/noticias\/wp-content\/uploads\/2023\/07\/WhatsApp-Image-2023-07-11-at-11.01.17-1.jpeg 1600w, https:\/\/vinasfm.com\/noticias\/wp-content\/uploads\/2023\/07\/WhatsApp-Image-2023-07-11-at-11.01.17-1-300x169.jpeg 300w, https:\/\/vinasfm.com\/noticias\/wp-content\/uploads\/2023\/07\/WhatsApp-Image-2023-07-11-at-11.01.17-1-1024x577.jpeg 1024w, https:\/\/vinasfm.com\/noticias\/wp-content\/uploads\/2023\/07\/WhatsApp-Image-2023-07-11-at-11.01.17-1-768x432.jpeg 768w, https:\/\/vinasfm.com\/noticias\/wp-content\/uploads\/2023\/07\/WhatsApp-Image-2023-07-11-at-11.01.17-1-1536x865.jpeg 1536w, https:\/\/vinasfm.com\/noticias\/wp-content\/uploads\/2023\/07\/WhatsApp-Image-2023-07-11-at-11.01.17-1-750x420.jpeg 750w, https:\/\/vinasfm.com\/noticias\/wp-content\/uploads\/2023\/07\/WhatsApp-Image-2023-07-11-at-11.01.17-1-1140x641.jpeg 1140w\" sizes=\"auto, (max-width: 350px) 100vw, 350px\" \/><\/a> <a href=\"https:\/\/vinasfm.com\/noticias\/wp-content\/uploads\/2023\/07\/WhatsApp-Image-2023-07-11-at-11.01.17.jpeg\"><img loading=\"lazy\" decoding=\"async\" class=\"alignnone wp-image-124349\" src=\"https:\/\/vinasfm.com\/noticias\/wp-content\/uploads\/2023\/07\/WhatsApp-Image-2023-07-11-at-11.01.17.jpeg\" alt=\"\" width=\"350\" height=\"197\" srcset=\"https:\/\/vinasfm.com\/noticias\/wp-content\/uploads\/2023\/07\/WhatsApp-Image-2023-07-11-at-11.01.17.jpeg 1600w, https:\/\/vinasfm.com\/noticias\/wp-content\/uploads\/2023\/07\/WhatsApp-Image-2023-07-11-at-11.01.17-300x169.jpeg 300w, https:\/\/vinasfm.com\/noticias\/wp-content\/uploads\/2023\/07\/WhatsApp-Image-2023-07-11-at-11.01.17-1024x577.jpeg 1024w, https:\/\/vinasfm.com\/noticias\/wp-content\/uploads\/2023\/07\/WhatsApp-Image-2023-07-11-at-11.01.17-768x432.jpeg 768w, https:\/\/vinasfm.com\/noticias\/wp-content\/uploads\/2023\/07\/WhatsApp-Image-2023-07-11-at-11.01.17-1536x865.jpeg 1536w, https:\/\/vinasfm.com\/noticias\/wp-content\/uploads\/2023\/07\/WhatsApp-Image-2023-07-11-at-11.01.17-750x420.jpeg 750w, https:\/\/vinasfm.com\/noticias\/wp-content\/uploads\/2023\/07\/WhatsApp-Image-2023-07-11-at-11.01.17-1140x641.jpeg 1140w\" sizes=\"auto, (max-width: 350px) 100vw, 350px\" \/><\/a><\/p>\n<h2>El Juncalito II<\/h2>\n<p>El nuevo barrio que le dar\u00e1 hogar a familias alvearenses consta de 25 casas de dos dormitorios, enmarcadas en el programa Mendoza Construye L\u00ednea 1 Vivienda Social, construidas por la empresa Agrocon SRL. \u00abEl Juncalito II\u00bb se ubica en Diagonal Jorge Sim\u00f3n y Av. Roque S\u00e1enz Pe\u00f1a.<\/p>\n<p>Estas casas cuentan con sistema de aislaci\u00f3n t\u00e9rmica, que supone mucho ahorro energ\u00e9tico. Cada vivienda tiene cielorraso suspendido de placas de yeso, carpinter\u00eda de aluminio y doble vidriado herm\u00e9tico y cocina y ba\u00f1o completo. Para el abastecimiento de agua caliente, est\u00e1n equipadas con termotanque solar, equipo preparado para alta presi\u00f3n y calef\u00f3n instant\u00e1neo modulante en lavander\u00eda, que funciona complementariamente.<\/p>\n<p>Cabe destacar que tanto las obras de urbanizaci\u00f3n como las de infraestructura estuvieron a cargo del Municipio de General Alvear.<\/p>\n<p><img loading=\"lazy\" decoding=\"async\" class=\"aligncenter\" src=\"https:\/\/scontent.fuaq1-1.fna.fbcdn.net\/v\/t39.30808-6\/358470520_581796450817297_842157480183230092_n.jpg?_nc_cat=106&amp;ccb=1-7&amp;_nc_sid=8bfeb9&amp;_nc_ohc=1lAEubkIaIkAX9U1MwM&amp;_nc_ht=scontent.fuaq1-1.fna&amp;oh=00_AfBJfIflVa1lzJhWBsqhfxvwIYChVyVblZHwIlSFMNsYIg&amp;oe=64B303EB\" alt=\"Puede ser una imagen de texto\" width=\"627\" height=\"419\" \/><\/p>\n<p>El pr\u00f3ximo 2 de agosto se entregar\u00e1n las viviendas del Barrio El Nevado III, en tanto se est\u00e1n ejecutando otras 120 viviendas, que, sumadas a las que vienen por ejecutar dan un total de 206 casas.<\/p>\n","protected":false},"excerpt":{"rendered":"<p>El intendente Walther Marcolini junto con el Gobernador Rodolfo Su\u00e1rez, la presidenta del IPV, Mar\u00eda Marta Ontanilla, y el ministro de &#8230;<\/p>\n","protected":false},"author":7,"featured_media":124344,"comment_status":"open","ping_status":"open","sticky":false,"template":"","format":"standard","meta":{"footnotes":""},"categories":[5,67],"tags":[],"class_list":["post-124343","post","type-post","status-publish","format-standard","has-post-thumbnail","hentry","category-actualidad","category-ipv"],"_links":{"self":[{"href":"https:\/\/vinasfm.com\/noticias\/wp-json\/wp\/v2\/posts\/124343","targetHints":{"allow":["GET"]}}],"collection":[{"href":"https:\/\/vinasfm.com\/noticias\/wp-json\/wp\/v2\/posts"}],"about":[{"href":"https:\/\/vinasfm.com\/noticias\/wp-json\/wp\/v2\/types\/post"}],"author":[{"embeddable":true,"href":"https:\/\/vinasfm.com\/noticias\/wp-json\/wp\/v2\/users\/7"}],"replies":[{"embeddable":true,"href":"https:\/\/vinasfm.com\/noticias\/wp-json\/wp\/v2\/comments?post=124343"}],"version-history":[{"count":1,"href":"https:\/\/vinasfm.com\/noticias\/wp-json\/wp\/v2\/posts\/124343\/revisions"}],"predecessor-version":[{"id":124350,"href":"https:\/\/vinasfm.com\/noticias\/wp-json\/wp\/v2\/posts\/124343\/revisions\/124350"}],"wp:featuredmedia":[{"embeddable":true,"href":"https:\/\/vinasfm.com\/noticias\/wp-json\/wp\/v2\/media\/124344"}],"wp:attachment":[{"href":"https:\/\/vinasfm.com\/noticias\/wp-json\/wp\/v2\/media?parent=124343"}],"wp:term":[{"taxonomy":"category","embeddable":true,"href":"https:\/\/vinasfm.com\/noticias\/wp-json\/wp\/v2\/categories?post=124343"},{"taxonomy":"post_tag","embeddable":true,"href":"https:\/\/vinasfm.com\/noticias\/wp-json\/wp\/v2\/tags?post=124343"}],"curies":[{"name":"wp","href":"https:\/\/api.w.org\/{rel}","templated":true}]}}