{"id":124340,"date":"2023-07-11T11:14:41","date_gmt":"2023-07-11T14:14:41","guid":{"rendered":"https:\/\/vinasfm.com\/noticias\/?p=124340"},"modified":"2023-07-11T11:14:41","modified_gmt":"2023-07-11T14:14:41","slug":"desde-el-servicio-meteorologico-nacional-anunciaron-que-esta-semana-estara-marcada-por-la-inestabilidad","status":"publish","type":"post","link":"https:\/\/vinasfm.com\/noticias\/desde-el-servicio-meteorologico-nacional-anunciaron-que-esta-semana-estara-marcada-por-la-inestabilidad\/","title":{"rendered":"DESDE EL SERVICIO METEOROL\u00d3GICO NACIONAL ANUNCIARON QUE ESTA SEMANA ESTAR\u00c1 MARCADA POR LA INESTABILIDAD"},"content":{"rendered":"<p><strong>Desde Defensa Civil de Mendoza se emiti\u00f3 una alerta debido a la presencia de lloviznas generalizadas y reducci\u00f3n de visibilidad por niebla que afectar\u00e1n una parte del territorio provincial.<\/strong><\/p>\n<p>Defensa Civil emiti\u00f3 un comunicado donde adelanta que este martes se registrar\u00e1n formaciones de bancos de niebla que producen condiciones de baja visibilidad. <em><strong>Desde el organismo sugirieron extremar las medidas de precauci\u00f3n al conducir por rutas y caminos.<\/strong><\/em><\/p>\n<p>El Servicio Meteorol\u00f3gico Nacional pronostic\u00f3 inestabilidad en la Cordillera de los Andes durante toda la jornada. La temperatura m\u00ed\u00adnima esperada ser\u00e1 de 3\u00b0 y la m\u00e1xima de 10\u00ba. Ser\u00e1 una jornada con vientos moderados del sudeste en gran parte del territorio. <em><strong>El cielo se mantendr\u00e1 parcialmente nublado en gran parte del territorio y hay probabilidad de nevadas en los departamentos del sur y Valle de Uco.<\/strong><\/em><\/p>\n<p>&nbsp;<\/p>\n","protected":false},"excerpt":{"rendered":"<p>Desde Defensa Civil de Mendoza se emiti\u00f3 una alerta debido a la presencia de lloviznas generalizadas y reducci\u00f3n de visibilidad por &#8230;<\/p>\n","protected":false},"author":7,"featured_media":124341,"comment_status":"open","ping_status":"open","sticky":false,"template":"","format":"standard","meta":{"footnotes":""},"categories":[1],"tags":[],"class_list":["post-124340","post","type-post","status-publish","format-standard","has-post-thumbnail","hentry","category-fmvinas"],"_links":{"self":[{"href":"https:\/\/vinasfm.com\/noticias\/wp-json\/wp\/v2\/posts\/124340","targetHints":{"allow":["GET"]}}],"collection":[{"href":"https:\/\/vinasfm.com\/noticias\/wp-json\/wp\/v2\/posts"}],"about":[{"href":"https:\/\/vinasfm.com\/noticias\/wp-json\/wp\/v2\/types\/post"}],"author":[{"embeddable":true,"href":"https:\/\/vinasfm.com\/noticias\/wp-json\/wp\/v2\/users\/7"}],"replies":[{"embeddable":true,"href":"https:\/\/vinasfm.com\/noticias\/wp-json\/wp\/v2\/comments?post=124340"}],"version-history":[{"count":1,"href":"https:\/\/vinasfm.com\/noticias\/wp-json\/wp\/v2\/posts\/124340\/revisions"}],"predecessor-version":[{"id":124342,"href":"https:\/\/vinasfm.com\/noticias\/wp-json\/wp\/v2\/posts\/124340\/revisions\/124342"}],"wp:featuredmedia":[{"embeddable":true,"href":"https:\/\/vinasfm.com\/noticias\/wp-json\/wp\/v2\/media\/124341"}],"wp:attachment":[{"href":"https:\/\/vinasfm.com\/noticias\/wp-json\/wp\/v2\/media?parent=124340"}],"wp:term":[{"taxonomy":"category","embeddable":true,"href":"https:\/\/vinasfm.com\/noticias\/wp-json\/wp\/v2\/categories?post=124340"},{"taxonomy":"post_tag","embeddable":true,"href":"https:\/\/vinasfm.com\/noticias\/wp-json\/wp\/v2\/tags?post=124340"}],"curies":[{"name":"wp","href":"https:\/\/api.w.org\/{rel}","templated":true}]}}