{"id":124336,"date":"2023-07-11T10:59:48","date_gmt":"2023-07-11T13:59:48","guid":{"rendered":"https:\/\/vinasfm.com\/noticias\/?p=124336"},"modified":"2023-07-12T08:18:58","modified_gmt":"2023-07-12T11:18:58","slug":"aparecio-un-chico-que-era-buscado-en-villa-atuel","status":"publish","type":"post","link":"https:\/\/vinasfm.com\/noticias\/aparecio-un-chico-que-era-buscado-en-villa-atuel\/","title":{"rendered":"APARECI\u00d3 UN CHICO QUE ERA BUSCADO EN VILLA ATUEL"},"content":{"rendered":"<div class=\"elementor-column elementor-col-50 elementor-top-column elementor-element elementor-element-78eb4a2\" data-id=\"78eb4a2\" data-element_type=\"column\">\n<div class=\"elementor-widget-wrap elementor-element-populated\">\n<div class=\"elementor-element elementor-element-c0e6b48 elementor-widget elementor-widget-theme-post-content\" data-id=\"c0e6b48\" data-element_type=\"widget\" data-widget_type=\"theme-post-content.default\">\n<div class=\"elementor-widget-container\">\n<p>El menor que era buscado desde ayer en el distrito de Villa Atuel, fue hallado en los primeros minutos de hoy en buen estado de salud. Su familia hab\u00eda denunciado su desaparici\u00f3n durante la tarde del lunes.<\/p>\n<p>Seg\u00fan informaci\u00f3n brindada por el jefe departamental de la Polic\u00eda de General Alvear, comisario Iv\u00e1n Berm\u00fadez, \u201cNacho\u201d fue localizado pasada la medianoche \u201cescondido detr\u00e1s de su casa\u201d.<\/p>\n<p>Asimismo, Berm\u00fadez fue examinado en el centro de salud de Villa Atuel, \u201cestaba sin lesiones visibles y en perfecto estado de salud\u201d. Finalmente, el adolescente fue entregado a su madre.<\/p>\n<\/div>\n<\/div>\n<section class=\"elementor-section elementor-inner-section elementor-element elementor-element-cb7145b elementor-section-boxed elementor-section-height-default elementor-section-height-default\" data-id=\"cb7145b\" data-element_type=\"section\">\n<div class=\"elementor-container elementor-column-gap-default\">\n<div class=\"elementor-column elementor-col-100 elementor-inner-column elementor-element elementor-element-44690bb\" data-id=\"44690bb\" data-element_type=\"column\">\n<div class=\"elementor-widget-wrap elementor-element-populated\">\n<div class=\"elementor-element elementor-element-cee7882 elementor-widget__width-auto elementor-widget elementor-widget-shortcode\" data-id=\"cee7882\" data-element_type=\"widget\" data-widget_type=\"shortcode.default\">\n<div class=\"elementor-widget-container\">\n<div class=\"elementor-shortcode\"><\/div>\n<\/div>\n<\/div>\n<div class=\"elementor-element elementor-element-b70a14b elementor-widget__width-auto elementor-widget elementor-widget-heading\" data-id=\"b70a14b\" data-element_type=\"widget\" data-widget_type=\"heading.default\">\n<div class=\"elementor-widget-container\"><\/div>\n<\/div>\n<\/div>\n<\/div>\n<\/div>\n<\/section>\n<\/div>\n<\/div>\n<div class=\"elementor-column elementor-col-50 elementor-top-column elementor-element elementor-element-fe8b44d\" data-id=\"fe8b44d\" data-element_type=\"column\">\n<div class=\"elementor-widget-wrap elementor-element-populated\">\n<div class=\"elementor-element elementor-element-54503d1 elementor-widget elementor-widget-wp-widget-jnews_popular\" data-id=\"54503d1\" data-element_type=\"widget\" data-widget_type=\"wp-widget-jnews_popular.default\">\n<div class=\"elementor-widget-container\">\n<div class=\"popularpost_meta\">\n<div class=\"jeg_socialshare\">\n<div class=\"socialshare_list\"><\/div>\n<\/div>\n<\/div>\n<\/div>\n<\/div>\n<div class=\"elementor-element elementor-element-435c231 elementor-widget elementor-widget-html\" data-id=\"435c231\" data-element_type=\"widget\" data-widget_type=\"html.default\">\n<div class=\"elementor-widget-container\"><\/div>\n<\/div>\n<\/div>\n<\/div>\n","protected":false},"excerpt":{"rendered":"<p>El menor que era buscado desde ayer en el distrito de Villa Atuel, fue hallado en los primeros minutos de hoy &#8230;<\/p>\n","protected":false},"author":7,"featured_media":124339,"comment_status":"open","ping_status":"open","sticky":false,"template":"","format":"standard","meta":{"footnotes":""},"categories":[5,10],"tags":[],"class_list":["post-124336","post","type-post","status-publish","format-standard","has-post-thumbnail","hentry","category-actualidad","category-destacadas"],"_links":{"self":[{"href":"https:\/\/vinasfm.com\/noticias\/wp-json\/wp\/v2\/posts\/124336","targetHints":{"allow":["GET"]}}],"collection":[{"href":"https:\/\/vinasfm.com\/noticias\/wp-json\/wp\/v2\/posts"}],"about":[{"href":"https:\/\/vinasfm.com\/noticias\/wp-json\/wp\/v2\/types\/post"}],"author":[{"embeddable":true,"href":"https:\/\/vinasfm.com\/noticias\/wp-json\/wp\/v2\/users\/7"}],"replies":[{"embeddable":true,"href":"https:\/\/vinasfm.com\/noticias\/wp-json\/wp\/v2\/comments?post=124336"}],"version-history":[{"count":1,"href":"https:\/\/vinasfm.com\/noticias\/wp-json\/wp\/v2\/posts\/124336\/revisions"}],"predecessor-version":[{"id":124338,"href":"https:\/\/vinasfm.com\/noticias\/wp-json\/wp\/v2\/posts\/124336\/revisions\/124338"}],"wp:featuredmedia":[{"embeddable":true,"href":"https:\/\/vinasfm.com\/noticias\/wp-json\/wp\/v2\/media\/124339"}],"wp:attachment":[{"href":"https:\/\/vinasfm.com\/noticias\/wp-json\/wp\/v2\/media?parent=124336"}],"wp:term":[{"taxonomy":"category","embeddable":true,"href":"https:\/\/vinasfm.com\/noticias\/wp-json\/wp\/v2\/categories?post=124336"},{"taxonomy":"post_tag","embeddable":true,"href":"https:\/\/vinasfm.com\/noticias\/wp-json\/wp\/v2\/tags?post=124336"}],"curies":[{"name":"wp","href":"https:\/\/api.w.org\/{rel}","templated":true}]}}