{"id":124331,"date":"2023-07-11T10:13:25","date_gmt":"2023-07-11T13:13:25","guid":{"rendered":"https:\/\/vinasfm.com\/noticias\/?p=124331"},"modified":"2023-07-12T11:48:48","modified_gmt":"2023-07-12T14:48:48","slug":"poder-judicial-postergan-el-segundo-examen-y-evaluan-tomarlo-presencial","status":"publish","type":"post","link":"https:\/\/vinasfm.com\/noticias\/poder-judicial-postergan-el-segundo-examen-y-evaluan-tomarlo-presencial\/","title":{"rendered":"PODER JUDICIAL: POSTERGAN EL SEGUNDO EXAMEN Y EVAL\u00daAN TOMARLO PRESENCIAL"},"content":{"rendered":"<p><strong>El m\u00e1ximo tribunal estir\u00f3 la prueba para el 23 de agosto, en medio de las dudas por una posible filtraci\u00f3n de datos en la primera etapa.<\/strong><\/p>\n<p>Debido a la sospecha por una posible violaci\u00f3n en la seguridad, la\u00a0<strong>Suprema Corte de Justicia<\/strong> definir\u00e1 este martes la postergaci\u00f3n del examen de ingreso al Poder Judicial, que ser\u00e1 el 23 de agosto.<\/p>\n<p>El primer test que se tom\u00f3 el 14 de junio para poder trabajar en Tribunales dej\u00f3 una serie de dudas. En concreto, los ministros del tribunal quieren determinar si hubo una filtraci\u00f3n de datos y por ello le pidieron un informe a los responsables t\u00e9cnicos de la\u00a0<strong>Facultad de Ciencias Econ\u00f3micas<\/strong>\u00a0de la UNCuyo, que administraron la plataforma online. Ese informe ya fue respondido.<\/p>\n<aside class=\"scaip scaip-1 \">\n<div class=\"newspack_global_ad scaip-1\">\n<div id=\"div-gpt-ad-1c2678cf18-0\" data-google-query-id=\"CI780PvchoADFZxEuAQd7iUJPw\">\n<p>Con este expediente en las manos, este lunes por la ma\u00f1ana se reunieron los seis supremos -el presidente Dalmiro Garay est\u00e1 de licencia- y decidieron avanzar en la postergaci\u00f3n del escrito por un mes m\u00e1s. Originalmente, el calendario marcaba que el segundo examen iba a tomarse el 19 de julio -el mi\u00e9rcoles de la semana pr\u00f3xima-.<\/p>\n<p>Adem\u00e1s, estipulan que esta segunda instancia ser\u00e1 presencial, por lo que desestimar\u00edan la plataforma Moodle para volver a los tradicionales concursos. En este caso, tendr\u00edan que rendir unos 2.000 inscriptos que pasaron la primera instancia.<\/p>\n<p>Pero adem\u00e1s los ministros discutieron la necesidad de que una comisi\u00f3n t\u00e9cnica eval\u00faen las 300 impugnaciones que presentaron aquellos que no rindieron bien el 14 de junio.<\/p>\n<p>Por \u00faltimo, el tribunal tambi\u00e9n puede llegar a resolver un punto m\u00e1s. Analizaron si es conveniente hacer p\u00fablico el listado de estos 2.000 personas que tienen que presentarse en la segunda fase.<\/p>\n<p>Esto, en virtud de las sospechas que se dispararon luego del primer testeo. En este punto, una de las interrogantes que la Corte remiti\u00f3 a la UNCuyo es si uno de los responsables t\u00e9cnicos del sitio online filtr\u00f3 las preguntas a un familiar, que obtuvo el mejor puntaje en el concurso.<\/p>\n<p>La Suprema Corte volver\u00e1 a reunirse este martes por la ma\u00f1ana y s\u00f3lo falta la firma a esta resoluci\u00f3n, que permita evitar un esc\u00e1ndalo institucional que tambi\u00e9n involucra a una casa de estudios universitarios.<\/p>\n<\/div>\n<\/div>\n<\/aside>\n","protected":false},"excerpt":{"rendered":"<p>El m\u00e1ximo tribunal estir\u00f3 la prueba para el 23 de agosto, en medio de las dudas por una posible filtraci\u00f3n de &#8230;<\/p>\n","protected":false},"author":7,"featured_media":124332,"comment_status":"open","ping_status":"open","sticky":false,"template":"","format":"standard","meta":{"footnotes":""},"categories":[5,10],"tags":[],"class_list":["post-124331","post","type-post","status-publish","format-standard","has-post-thumbnail","hentry","category-actualidad","category-destacadas"],"_links":{"self":[{"href":"https:\/\/vinasfm.com\/noticias\/wp-json\/wp\/v2\/posts\/124331","targetHints":{"allow":["GET"]}}],"collection":[{"href":"https:\/\/vinasfm.com\/noticias\/wp-json\/wp\/v2\/posts"}],"about":[{"href":"https:\/\/vinasfm.com\/noticias\/wp-json\/wp\/v2\/types\/post"}],"author":[{"embeddable":true,"href":"https:\/\/vinasfm.com\/noticias\/wp-json\/wp\/v2\/users\/7"}],"replies":[{"embeddable":true,"href":"https:\/\/vinasfm.com\/noticias\/wp-json\/wp\/v2\/comments?post=124331"}],"version-history":[{"count":1,"href":"https:\/\/vinasfm.com\/noticias\/wp-json\/wp\/v2\/posts\/124331\/revisions"}],"predecessor-version":[{"id":124333,"href":"https:\/\/vinasfm.com\/noticias\/wp-json\/wp\/v2\/posts\/124331\/revisions\/124333"}],"wp:featuredmedia":[{"embeddable":true,"href":"https:\/\/vinasfm.com\/noticias\/wp-json\/wp\/v2\/media\/124332"}],"wp:attachment":[{"href":"https:\/\/vinasfm.com\/noticias\/wp-json\/wp\/v2\/media?parent=124331"}],"wp:term":[{"taxonomy":"category","embeddable":true,"href":"https:\/\/vinasfm.com\/noticias\/wp-json\/wp\/v2\/categories?post=124331"},{"taxonomy":"post_tag","embeddable":true,"href":"https:\/\/vinasfm.com\/noticias\/wp-json\/wp\/v2\/tags?post=124331"}],"curies":[{"name":"wp","href":"https:\/\/api.w.org\/{rel}","templated":true}]}}