{"id":124325,"date":"2023-07-11T08:57:30","date_gmt":"2023-07-11T11:57:30","guid":{"rendered":"https:\/\/vinasfm.com\/noticias\/?p=124325"},"modified":"2023-07-12T09:44:47","modified_gmt":"2023-07-12T12:44:47","slug":"la-federacion-agraria-alerto-sobre-la-crisis-en-el-campo-y-convoco-a-asambleas-de-productores","status":"publish","type":"post","link":"https:\/\/vinasfm.com\/noticias\/la-federacion-agraria-alerto-sobre-la-crisis-en-el-campo-y-convoco-a-asambleas-de-productores\/","title":{"rendered":"LA FEDERACI\u00d3N AGRARIA ALERT\u00d3 SOBRE LA CRISIS EN EL CAMPO Y CONVOC\u00d3 A ASAMBLEAS DE PRODUCTORES"},"content":{"rendered":"<p class=\"article__dropline\"><strong>La entidad convoc\u00f3 a encuentros regionales, que comenzaron este s\u00e1bado, para dise\u00f1ar propuestas en ayuda al sector agropecuario de cara a las elecciones presidenciales.<\/strong><\/p>\n<p class=\"paragraph\">La\u00a0<b>Federaci\u00f3n Agraria Argentina (FAA)\u00a0<\/b>comenz\u00f3 a realizar a asambleas zonales este s\u00e1bado y las continuar\u00e1 el pr\u00f3ximo s\u00e1bado 15, para dise\u00f1ar propuestas para mejorar la situaci\u00f3n del sector agropecuario, afectado por las inclemencias clim\u00e1ticas, de cara a las\u00a0<b>elecciones presidenciales<\/b>. La entidad adem\u00e1s advirti\u00f3 sobre la grave crisis que atraviesan los peque\u00f1os y medianos productores.<\/p>\n<p class=\"paragraph\">El Consejo Directivo Central de la gremial se reuni\u00f3 esta semana en la ciudad de Rosario y alert\u00f3 que durante este a\u00f1o <em><strong>\u201cla sequ\u00eda dej\u00f3 en evidencia la falta de ayuda y un escenario donde la concentraci\u00f3n econ\u00f3mica\u00a0y productiva seguir\u00e1 desplazando productores\u201d.<\/strong><\/em><\/p>\n<p>En este contexto, la Federaci\u00f3n Agraria, que preside\u00a0<b>Carlos Achetoni<\/b>, convoc\u00f3 a los encuentros regionales para <em><strong>\u201cgenerar en estos espacios de debate y an\u00e1lisis de todos los federados una agenda de propuestas para que el sector se haga escuchar\u201d.<\/strong><\/em><\/p>\n<p><em><strong>\u201cTransitamos un camino lleno de dificultades para producir, tanto de las econom\u00edas regionales como de la pampa h\u00fameda,\u00a0arrastrando a\u00f1os de pol\u00edticas agropecuarias que nos perjudicaron, al no contemplar nuestra estructura y\/o al buscar beneficiar a los grandes actores concentrados\u201d<\/strong><\/em>, se enfatiz\u00f3 desde la entidad que integra la\u00a0<b>mesa de enlace<\/b>\u00a0junto a la Sociedad Rural Argentina (SRA), Confederaciones Rurales Argentinas (CRA) y Coninagro.<\/p>\n<p><img loading=\"lazy\" decoding=\"async\" class=\"aligncenter\" src=\"https:\/\/tn.com.ar\/resizer\/zPHQ1rGyAslhggXWdn3CpZocNxU=\/767x0\/smart\/filters:format(webp)\/cloudfront-us-east-1.images.arcpublishing.com\/artear\/6IPP3OHLMRA6NG2MYI7DICGIFM.jpg\" alt=\"Carlos Achetoni, presidente de Federaci\u00f3n Agraria Argentina (FAA). \" width=\"550\" height=\"313\" \/><\/p>\n<p>A esto le sumaron la <em><strong>\u201cprofundizaci\u00f3n de los problemas econ\u00f3micos de nuestro pa\u00eds, que incluyen una inflaci\u00f3n desatada y sin control, multiplicidad de tipos de cambio y falta de acceso al cr\u00e9dito, sumi\u00e9ndonos en una grave crisis a los peque\u00f1os y medianos productores\u201d.<\/strong><\/em><\/p>\n<p>Sobre eso, aseguraron: <em><strong>\u201cHemos gestionado respuestas a nivel nacional y provincial. Conseguimos algunas ayudas parcialmente, que no han sido hasta el momento de la magnitud que requer\u00edan las condiciones de los peque\u00f1os y medianos productores\u201d.<\/strong><\/em><\/p>\n<p>Por \u00faltimo, los ruralistas resaltaron que, durante un a\u00f1o en donde los distintos espacios pol\u00edticos se movilizan por el proceso electoral, pondr\u00e1n <strong><em>\u201ctodos sus esfuerzos para incidir de la mayor y mejor manera en las plataformas electorales\u201d.<\/em><\/strong><\/p>\n<p>En ese \u00e1mbito, los dirigentes presentar\u00e1n sus demandas y propuestas, de modo que lleguen al Gobierno <strong><em>\u201cpersonas con planificaci\u00f3n concreta, que le den oportunidades a los productores, a la producci\u00f3n genuina y a los pueblos del interior, que contenga un\u00a0plan de desarrollo productivo y social\u201d.<\/em><\/strong><\/p>\n","protected":false},"excerpt":{"rendered":"<p>La entidad convoc\u00f3 a encuentros regionales, que comenzaron este s\u00e1bado, para dise\u00f1ar propuestas en ayuda al sector agropecuario de cara a &#8230;<\/p>\n","protected":false},"author":7,"featured_media":124326,"comment_status":"open","ping_status":"open","sticky":false,"template":"","format":"standard","meta":{"footnotes":""},"categories":[5,14],"tags":[],"class_list":["post-124325","post","type-post","status-publish","format-standard","has-post-thumbnail","hentry","category-actualidad","category-agro"],"_links":{"self":[{"href":"https:\/\/vinasfm.com\/noticias\/wp-json\/wp\/v2\/posts\/124325","targetHints":{"allow":["GET"]}}],"collection":[{"href":"https:\/\/vinasfm.com\/noticias\/wp-json\/wp\/v2\/posts"}],"about":[{"href":"https:\/\/vinasfm.com\/noticias\/wp-json\/wp\/v2\/types\/post"}],"author":[{"embeddable":true,"href":"https:\/\/vinasfm.com\/noticias\/wp-json\/wp\/v2\/users\/7"}],"replies":[{"embeddable":true,"href":"https:\/\/vinasfm.com\/noticias\/wp-json\/wp\/v2\/comments?post=124325"}],"version-history":[{"count":1,"href":"https:\/\/vinasfm.com\/noticias\/wp-json\/wp\/v2\/posts\/124325\/revisions"}],"predecessor-version":[{"id":124327,"href":"https:\/\/vinasfm.com\/noticias\/wp-json\/wp\/v2\/posts\/124325\/revisions\/124327"}],"wp:featuredmedia":[{"embeddable":true,"href":"https:\/\/vinasfm.com\/noticias\/wp-json\/wp\/v2\/media\/124326"}],"wp:attachment":[{"href":"https:\/\/vinasfm.com\/noticias\/wp-json\/wp\/v2\/media?parent=124325"}],"wp:term":[{"taxonomy":"category","embeddable":true,"href":"https:\/\/vinasfm.com\/noticias\/wp-json\/wp\/v2\/categories?post=124325"},{"taxonomy":"post_tag","embeddable":true,"href":"https:\/\/vinasfm.com\/noticias\/wp-json\/wp\/v2\/tags?post=124325"}],"curies":[{"name":"wp","href":"https:\/\/api.w.org\/{rel}","templated":true}]}}