{"id":124321,"date":"2023-07-11T08:39:45","date_gmt":"2023-07-11T11:39:45","guid":{"rendered":"https:\/\/vinasfm.com\/noticias\/?p=124321"},"modified":"2023-07-12T09:19:32","modified_gmt":"2023-07-12T12:19:32","slug":"tras-las-lluvias-como-se-encuentran-las-rutas-del-sur-de-la-provincia","status":"publish","type":"post","link":"https:\/\/vinasfm.com\/noticias\/tras-las-lluvias-como-se-encuentran-las-rutas-del-sur-de-la-provincia\/","title":{"rendered":"TRAS LAS LLUVIAS \u00bfC\u00d3MO SE ENCUENTRAN LAS RUTAS DEL SUR DE LA PROVINCIA?"},"content":{"rendered":"<p><strong>El Consejero por la Zona Sur de la Direcci\u00f3n Provincial de Vialidad, V\u00edctor \u00c1lvarez, dio detalles del estado de las rutas y recomend\u00f3 tener precauci\u00f3n.<\/strong><\/p>\n<p>Por el momento las rutas se encuentran transitables casi en su mayor\u00eda pero se debe prestar atenci\u00f3n a las condiciones climatol\u00f3gicas que podr\u00edan afectar la <strong>Ruta Provincial 222<\/strong> que llega a \u201cLas Le\u00f1as\u201d. Por otro lado <span style=\"color: #800080;\"><strong>\u00c1lvarez<\/strong><\/span> indic\u00f3 que la <strong>Ruta Provincial 226<\/strong> est\u00e1 <strong><em>\u00abhabilitada solo para los lugare\u00f1os porque el camino se vio afectado por las \u00faltimas lluvias\u00bb.<\/em><\/strong><\/p>\n<p><strong><em>\u201cSi bien ahora tenemos un temporal muy tranquilo esto puede cambiar y afectar mucho, es necesario mantenerse informado a la hora de hacer un viaje para no tener ning\u00fan inconveniente\u201d,<\/em><\/strong> se\u00f1al\u00f3 \u00c1lvarez. De necesitarlo, se podr\u00e1n comunicar al <span style=\"color: #0000ff;\"><strong>2625-422011<\/strong><\/span> (Seccional Local) o consultar en el <a href=\"http:\/\/www.vialidad.mendoza.gov.ar\/index.php\">sitio web<\/a> en donde encontrar\u00e1n de forma detallada el estado de rutas y caminos.<\/p>\n","protected":false},"excerpt":{"rendered":"<p>El Consejero por la Zona Sur de la Direcci\u00f3n Provincial de Vialidad, V\u00edctor \u00c1lvarez, dio detalles del estado de las rutas &#8230;<\/p>\n","protected":false},"author":7,"featured_media":124322,"comment_status":"open","ping_status":"open","sticky":false,"template":"","format":"standard","meta":{"footnotes":""},"categories":[5,79],"tags":[],"class_list":["post-124321","post","type-post","status-publish","format-standard","has-post-thumbnail","hentry","category-actualidad","category-vialidad"],"_links":{"self":[{"href":"https:\/\/vinasfm.com\/noticias\/wp-json\/wp\/v2\/posts\/124321","targetHints":{"allow":["GET"]}}],"collection":[{"href":"https:\/\/vinasfm.com\/noticias\/wp-json\/wp\/v2\/posts"}],"about":[{"href":"https:\/\/vinasfm.com\/noticias\/wp-json\/wp\/v2\/types\/post"}],"author":[{"embeddable":true,"href":"https:\/\/vinasfm.com\/noticias\/wp-json\/wp\/v2\/users\/7"}],"replies":[{"embeddable":true,"href":"https:\/\/vinasfm.com\/noticias\/wp-json\/wp\/v2\/comments?post=124321"}],"version-history":[{"count":1,"href":"https:\/\/vinasfm.com\/noticias\/wp-json\/wp\/v2\/posts\/124321\/revisions"}],"predecessor-version":[{"id":124323,"href":"https:\/\/vinasfm.com\/noticias\/wp-json\/wp\/v2\/posts\/124321\/revisions\/124323"}],"wp:featuredmedia":[{"embeddable":true,"href":"https:\/\/vinasfm.com\/noticias\/wp-json\/wp\/v2\/media\/124322"}],"wp:attachment":[{"href":"https:\/\/vinasfm.com\/noticias\/wp-json\/wp\/v2\/media?parent=124321"}],"wp:term":[{"taxonomy":"category","embeddable":true,"href":"https:\/\/vinasfm.com\/noticias\/wp-json\/wp\/v2\/categories?post=124321"},{"taxonomy":"post_tag","embeddable":true,"href":"https:\/\/vinasfm.com\/noticias\/wp-json\/wp\/v2\/tags?post=124321"}],"curies":[{"name":"wp","href":"https:\/\/api.w.org\/{rel}","templated":true}]}}