{"id":124311,"date":"2023-07-10T21:11:21","date_gmt":"2023-07-11T00:11:21","guid":{"rendered":"https:\/\/vinasfm.com\/noticias\/?p=124311"},"modified":"2023-07-12T08:18:46","modified_gmt":"2023-07-12T11:18:46","slug":"general-alvear-tendra-dos-semanas-llenas-de-actividades-durante-las-vacaciones-de-invierno","status":"publish","type":"post","link":"https:\/\/vinasfm.com\/noticias\/general-alvear-tendra-dos-semanas-llenas-de-actividades-durante-las-vacaciones-de-invierno\/","title":{"rendered":"GENERAL ALVEAR TENDR\u00c1 DOS SEMANAS LLENAS DE ACTIVIDADES DURANTE LAS VACACIONES DE INVIERNO"},"content":{"rendered":"<p><strong>Si bien las actividades iban a comenzar este lunes se tuvieron que suspender debido a las condiciones clim\u00e1ticas. El cronograma iniciar\u00e1 este martes. \u00a0<\/strong><\/p>\n<p><span data-contrast=\"auto\">El cronograma fue planificado por la Direcci\u00f3n de Cultura en conjunto con la Direcci\u00f3n de Turismo, el \u00c1rea de Deportes y la Asesor\u00eda de Ni\u00f1ez, Adolescencia y Juventus. <strong><em>\u201cHemos planificado visitar una plaza del departamento por d\u00eda, hoy estar\u00edamos presentes en Plaza Espa\u00f1a pero debimos suspender, este martes estaremos presentes en la plaza de Carmensa y si es necesario en el polideportivo del distrito\u201d<\/em><\/strong>, detall\u00f3 <span style=\"color: #800080;\"><strong>Liana Piedrafita. <\/strong><\/span><\/span><span style=\"color: #800080;\"><strong>\u00a0<\/strong><\/span><\/p>\n<p><a href=\"https:\/\/vinasfm.com\/noticias\/wp-content\/uploads\/2023\/07\/WhatsApp-Image-2023-07-10-at-12.11.02.jpeg\"><img loading=\"lazy\" decoding=\"async\" class=\"wp-image-124312 aligncenter\" src=\"https:\/\/vinasfm.com\/noticias\/wp-content\/uploads\/2023\/07\/WhatsApp-Image-2023-07-10-at-12.11.02.jpeg\" alt=\"\" width=\"500\" height=\"485\" srcset=\"https:\/\/vinasfm.com\/noticias\/wp-content\/uploads\/2023\/07\/WhatsApp-Image-2023-07-10-at-12.11.02.jpeg 720w, https:\/\/vinasfm.com\/noticias\/wp-content\/uploads\/2023\/07\/WhatsApp-Image-2023-07-10-at-12.11.02-300x291.jpeg 300w\" sizes=\"auto, (max-width: 500px) 100vw, 500px\" \/><\/a><\/p>\n<p><span data-contrast=\"auto\">En cuanto a las actividades de la primera semana de vacaciones indic\u00f3; <em><strong>\u201cse han planificado actividades deportivas con profesores y la obra teatral &#8216;Colorado Color\u00edn, diversi\u00f3n sin fin&#8217;. El cronograma de esta semana recorrer\u00e1 Carmensa, Barrio Policial, Alvear Oeste y Barrio Costa del Atuel. El d\u00eda s\u00e1bado se presentar\u00e1 la obra teatral &#8216;Divertimundo&#8217; en el Cineteatro Antonio Lafalla y el d\u00eda domingo habr\u00e1 un gran evento en la Plaza Departamental\u00bb. <\/strong><\/em><\/span><em><strong>\u00a0<\/strong><\/em><\/p>\n<p><a href=\"https:\/\/vinasfm.com\/noticias\/wp-content\/uploads\/2023\/07\/WhatsApp-Image-2023-07-05-at-15.51.31.jpeg\"><img loading=\"lazy\" decoding=\"async\" class=\"alignnone wp-image-124313\" src=\"https:\/\/vinasfm.com\/noticias\/wp-content\/uploads\/2023\/07\/WhatsApp-Image-2023-07-05-at-15.51.31.jpeg\" alt=\"\" width=\"350\" height=\"346\" srcset=\"https:\/\/vinasfm.com\/noticias\/wp-content\/uploads\/2023\/07\/WhatsApp-Image-2023-07-05-at-15.51.31.jpeg 1024w, https:\/\/vinasfm.com\/noticias\/wp-content\/uploads\/2023\/07\/WhatsApp-Image-2023-07-05-at-15.51.31-300x296.jpeg 300w, https:\/\/vinasfm.com\/noticias\/wp-content\/uploads\/2023\/07\/WhatsApp-Image-2023-07-05-at-15.51.31-768x759.jpeg 768w\" sizes=\"auto, (max-width: 350px) 100vw, 350px\" \/><\/a> <a href=\"https:\/\/vinasfm.com\/noticias\/wp-content\/uploads\/2023\/07\/WhatsApp-Image-2023-07-05-at-22.15.51.jpeg\"><img loading=\"lazy\" decoding=\"async\" class=\"alignnone wp-image-124314\" src=\"https:\/\/vinasfm.com\/noticias\/wp-content\/uploads\/2023\/07\/WhatsApp-Image-2023-07-05-at-22.15.51.jpeg\" alt=\"\" width=\"350\" height=\"346\" srcset=\"https:\/\/vinasfm.com\/noticias\/wp-content\/uploads\/2023\/07\/WhatsApp-Image-2023-07-05-at-22.15.51.jpeg 1600w, https:\/\/vinasfm.com\/noticias\/wp-content\/uploads\/2023\/07\/WhatsApp-Image-2023-07-05-at-22.15.51-300x296.jpeg 300w, https:\/\/vinasfm.com\/noticias\/wp-content\/uploads\/2023\/07\/WhatsApp-Image-2023-07-05-at-22.15.51-1024x1012.jpeg 1024w, https:\/\/vinasfm.com\/noticias\/wp-content\/uploads\/2023\/07\/WhatsApp-Image-2023-07-05-at-22.15.51-768x759.jpeg 768w, https:\/\/vinasfm.com\/noticias\/wp-content\/uploads\/2023\/07\/WhatsApp-Image-2023-07-05-at-22.15.51-1536x1518.jpeg 1536w\" sizes=\"auto, (max-width: 350px) 100vw, 350px\" \/><\/a><\/p>\n<p>&nbsp;<\/p>\n<p><span data-contrast=\"auto\"><strong><em>\u201cEstamos haciendo un gran trabajo con todas las \u00e1reas involucradas para que durante estos d\u00edas los peque\u00f1os tengan muchas actividades en el departamento\u201d<\/em><\/strong>, destac\u00f3 la Directora de Cultura. <\/span><span data-ccp-props=\"{&quot;134233117&quot;:false,&quot;134233118&quot;:false,&quot;201341983&quot;:0,&quot;335551550&quot;:1,&quot;335551620&quot;:1,&quot;335559685&quot;:0,&quot;335559737&quot;:0,&quot;335559738&quot;:0,&quot;335559739&quot;:160,&quot;335559740&quot;:259}\">\u00a0<\/span><\/p>\n<p><span data-contrast=\"auto\">Por su parte el Asesor de Ni\u00f1ez, Adolescencia y Juventud, <span style=\"color: #800080;\"><strong>Daniel Quiles<\/strong><\/span>, sum\u00f3 que los d\u00edas jueves 13 y viernes 14 se realizar\u00e1 el II Congreso Interdepartamental de Skate, <em><strong>\u201cel primero se realiz\u00f3 en Malarg\u00fce y nos comprometimos a llevarlo a cabo en General Alvear porque tenemos una escuela de skate que ha tenido un gran crecimiento\u201d.<\/strong><\/em>\u00a0<\/span><\/p>\n","protected":false},"excerpt":{"rendered":"<p>Si bien las actividades iban a comenzar este lunes se tuvieron que suspender debido a las condiciones clim\u00e1ticas. El cronograma iniciar\u00e1 &#8230;<\/p>\n","protected":false},"author":7,"featured_media":124316,"comment_status":"open","ping_status":"open","sticky":false,"template":"","format":"standard","meta":{"footnotes":""},"categories":[5,11],"tags":[],"class_list":["post-124311","post","type-post","status-publish","format-standard","has-post-thumbnail","hentry","category-actualidad","category-sociales"],"_links":{"self":[{"href":"https:\/\/vinasfm.com\/noticias\/wp-json\/wp\/v2\/posts\/124311","targetHints":{"allow":["GET"]}}],"collection":[{"href":"https:\/\/vinasfm.com\/noticias\/wp-json\/wp\/v2\/posts"}],"about":[{"href":"https:\/\/vinasfm.com\/noticias\/wp-json\/wp\/v2\/types\/post"}],"author":[{"embeddable":true,"href":"https:\/\/vinasfm.com\/noticias\/wp-json\/wp\/v2\/users\/7"}],"replies":[{"embeddable":true,"href":"https:\/\/vinasfm.com\/noticias\/wp-json\/wp\/v2\/comments?post=124311"}],"version-history":[{"count":1,"href":"https:\/\/vinasfm.com\/noticias\/wp-json\/wp\/v2\/posts\/124311\/revisions"}],"predecessor-version":[{"id":124317,"href":"https:\/\/vinasfm.com\/noticias\/wp-json\/wp\/v2\/posts\/124311\/revisions\/124317"}],"wp:featuredmedia":[{"embeddable":true,"href":"https:\/\/vinasfm.com\/noticias\/wp-json\/wp\/v2\/media\/124316"}],"wp:attachment":[{"href":"https:\/\/vinasfm.com\/noticias\/wp-json\/wp\/v2\/media?parent=124311"}],"wp:term":[{"taxonomy":"category","embeddable":true,"href":"https:\/\/vinasfm.com\/noticias\/wp-json\/wp\/v2\/categories?post=124311"},{"taxonomy":"post_tag","embeddable":true,"href":"https:\/\/vinasfm.com\/noticias\/wp-json\/wp\/v2\/tags?post=124311"}],"curies":[{"name":"wp","href":"https:\/\/api.w.org\/{rel}","templated":true}]}}