{"id":124308,"date":"2023-07-10T20:06:49","date_gmt":"2023-07-10T23:06:49","guid":{"rendered":"https:\/\/vinasfm.com\/noticias\/?p=124308"},"modified":"2023-07-12T10:36:31","modified_gmt":"2023-07-12T13:36:31","slug":"un-nuevo-siniestro-vial-se-registro-esta-manana","status":"publish","type":"post","link":"https:\/\/vinasfm.com\/noticias\/un-nuevo-siniestro-vial-se-registro-esta-manana\/","title":{"rendered":"UN NUEVO SINIESTRO VIAL SE REGISTR\u00d3 EN LA MA\u00d1ANA DEL LUNES"},"content":{"rendered":"<p><strong><span class=\"TextRun SCXW54664168 BCX8\" lang=\"ES-ES\" xml:lang=\"ES-ES\" data-contrast=\"auto\"><span class=\"NormalTextRun SCXW54664168 BCX8\">El hecho sucedi\u00f3 en Avenida Alvear Este y Circunvalaci\u00f3n.<\/span><\/span><span class=\"EOP SCXW54664168 BCX8\" data-ccp-props=\"{&quot;201341983&quot;:0,&quot;335551550&quot;:1,&quot;335551620&quot;:1,&quot;335559739&quot;:160,&quot;335559740&quot;:259}\">\u00a0<\/span><\/strong><\/p>\n<p><span class=\"TextRun SCXW208532544 BCX8\" lang=\"ES-ES\" xml:lang=\"ES-ES\" data-contrast=\"auto\"><span class=\"NormalTextRun SCXW208532544 BCX8\">Seg\u00fan detall\u00f3 el Crio. Iv\u00e1n <\/span><span class=\"NormalTextRun SCXW208532544 BCX8\">Berm\u00fadez<\/span><span class=\"NormalTextRun SCXW208532544 BCX8\">, <strong><em>el siniestro se habr\u00eda producido cerca de las 11:30 h y fue protagonizado por un autom\u00f3vil y una camioneta.<\/em> <em>Producto de la fuerte colisi\u00f3n, el conductor del auto qued\u00f3 atrapado<\/em><\/strong>; afortunadamente fue puesto a salvo por Personal de Bomberos y<em><strong> derivado al nosocomio local. <\/strong><\/em><\/span><\/span><em><strong><span class=\"EOP SCXW208532544 BCX8\" data-ccp-props=\"{&quot;201341983&quot;:0,&quot;335551550&quot;:1,&quot;335551620&quot;:1,&quot;335559739&quot;:160,&quot;335559740&quot;:259}\">\u00a0<\/span><\/strong><\/em><\/p>\n","protected":false},"excerpt":{"rendered":"<p>El hecho sucedi\u00f3 en Avenida Alvear Este y Circunvalaci\u00f3n.\u00a0 Seg\u00fan detall\u00f3 el Crio. Iv\u00e1n Berm\u00fadez, el siniestro se habr\u00eda producido cerca &#8230;<\/p>\n","protected":false},"author":7,"featured_media":124309,"comment_status":"open","ping_status":"open","sticky":false,"template":"","format":"standard","meta":{"footnotes":""},"categories":[5,184],"tags":[],"class_list":["post-124308","post","type-post","status-publish","format-standard","has-post-thumbnail","hentry","category-actualidad","category-siniestro-vial"],"_links":{"self":[{"href":"https:\/\/vinasfm.com\/noticias\/wp-json\/wp\/v2\/posts\/124308","targetHints":{"allow":["GET"]}}],"collection":[{"href":"https:\/\/vinasfm.com\/noticias\/wp-json\/wp\/v2\/posts"}],"about":[{"href":"https:\/\/vinasfm.com\/noticias\/wp-json\/wp\/v2\/types\/post"}],"author":[{"embeddable":true,"href":"https:\/\/vinasfm.com\/noticias\/wp-json\/wp\/v2\/users\/7"}],"replies":[{"embeddable":true,"href":"https:\/\/vinasfm.com\/noticias\/wp-json\/wp\/v2\/comments?post=124308"}],"version-history":[{"count":2,"href":"https:\/\/vinasfm.com\/noticias\/wp-json\/wp\/v2\/posts\/124308\/revisions"}],"predecessor-version":[{"id":124320,"href":"https:\/\/vinasfm.com\/noticias\/wp-json\/wp\/v2\/posts\/124308\/revisions\/124320"}],"wp:featuredmedia":[{"embeddable":true,"href":"https:\/\/vinasfm.com\/noticias\/wp-json\/wp\/v2\/media\/124309"}],"wp:attachment":[{"href":"https:\/\/vinasfm.com\/noticias\/wp-json\/wp\/v2\/media?parent=124308"}],"wp:term":[{"taxonomy":"category","embeddable":true,"href":"https:\/\/vinasfm.com\/noticias\/wp-json\/wp\/v2\/categories?post=124308"},{"taxonomy":"post_tag","embeddable":true,"href":"https:\/\/vinasfm.com\/noticias\/wp-json\/wp\/v2\/tags?post=124308"}],"curies":[{"name":"wp","href":"https:\/\/api.w.org\/{rel}","templated":true}]}}