{"id":124249,"date":"2023-07-07T23:07:25","date_gmt":"2023-07-08T02:07:25","guid":{"rendered":"https:\/\/vinasfm.com\/noticias\/?p=124249"},"modified":"2023-07-10T09:03:13","modified_gmt":"2023-07-10T12:03:13","slug":"pronostico-para-este-fin-de-semana-en-general-alvear","status":"publish","type":"post","link":"https:\/\/vinasfm.com\/noticias\/pronostico-para-este-fin-de-semana-en-general-alvear\/","title":{"rendered":"PRON\u00d3STICO PARA ESTE FIN DE SEMANA EN GENERAL ALVEAR"},"content":{"rendered":"<p><strong>El departamento presenciar\u00e1 el calor de los motores en la 4ta fecha del CA-NAV RALLY RAI, pero las temperaturas no superar\u00e1n los 15\u00b0C.\u00a0<\/strong><\/p>\n<p><span data-contrast=\"auto\">El s\u00e1bado habr\u00e1 presencia de viento en direcci\u00f3n noroeste de intensidad moderada. La M\u00ednima rondar\u00e1 1\u00b0C y la M\u00e1xima llegar\u00e1 a los 15\u00b0C.<\/span><span data-ccp-props=\"{&quot;201341983&quot;:0,&quot;335559739&quot;:160,&quot;335559740&quot;:259}\">\u00a0<\/span><\/p>\n<p><span data-contrast=\"auto\">Para el domingo se espera viento sur-sureste de intensidad moderada y posibles lloviznas. La M\u00ednima seguir\u00e1 en 1\u00b0C y la M\u00e1xima se establecer\u00e1 en los 15\u00b0C.<\/span><span data-ccp-props=\"{&quot;201341983&quot;:0,&quot;335559739&quot;:160,&quot;335559740&quot;:259}\">\u00a0<\/span><\/p>\n<p><span data-contrast=\"auto\">El d\u00eda lunes inicia una nueva semana con viento sureste de intensidad moderada. Nuevamente la M\u00ednima se estancar\u00e1 en 1\u00b0C y la M\u00e1xima no superar\u00e1 los 14\u00b0C. <\/span><span data-ccp-props=\"{&quot;201341983&quot;:0,&quot;335559739&quot;:160,&quot;335559740&quot;:259}\">\u00a0<\/span><\/p>\n","protected":false},"excerpt":{"rendered":"<p>El departamento presenciar\u00e1 el calor de los motores en la 4ta fecha del CA-NAV RALLY RAI, pero las temperaturas no superar\u00e1n &#8230;<\/p>\n","protected":false},"author":7,"featured_media":341,"comment_status":"open","ping_status":"open","sticky":false,"template":"","format":"standard","meta":{"footnotes":""},"categories":[1],"tags":[],"class_list":["post-124249","post","type-post","status-publish","format-standard","has-post-thumbnail","hentry","category-fmvinas"],"_links":{"self":[{"href":"https:\/\/vinasfm.com\/noticias\/wp-json\/wp\/v2\/posts\/124249","targetHints":{"allow":["GET"]}}],"collection":[{"href":"https:\/\/vinasfm.com\/noticias\/wp-json\/wp\/v2\/posts"}],"about":[{"href":"https:\/\/vinasfm.com\/noticias\/wp-json\/wp\/v2\/types\/post"}],"author":[{"embeddable":true,"href":"https:\/\/vinasfm.com\/noticias\/wp-json\/wp\/v2\/users\/7"}],"replies":[{"embeddable":true,"href":"https:\/\/vinasfm.com\/noticias\/wp-json\/wp\/v2\/comments?post=124249"}],"version-history":[{"count":1,"href":"https:\/\/vinasfm.com\/noticias\/wp-json\/wp\/v2\/posts\/124249\/revisions"}],"predecessor-version":[{"id":124250,"href":"https:\/\/vinasfm.com\/noticias\/wp-json\/wp\/v2\/posts\/124249\/revisions\/124250"}],"wp:featuredmedia":[{"embeddable":true,"href":"https:\/\/vinasfm.com\/noticias\/wp-json\/wp\/v2\/media\/341"}],"wp:attachment":[{"href":"https:\/\/vinasfm.com\/noticias\/wp-json\/wp\/v2\/media?parent=124249"}],"wp:term":[{"taxonomy":"category","embeddable":true,"href":"https:\/\/vinasfm.com\/noticias\/wp-json\/wp\/v2\/categories?post=124249"},{"taxonomy":"post_tag","embeddable":true,"href":"https:\/\/vinasfm.com\/noticias\/wp-json\/wp\/v2\/tags?post=124249"}],"curies":[{"name":"wp","href":"https:\/\/api.w.org\/{rel}","templated":true}]}}