{"id":124213,"date":"2023-07-07T10:22:14","date_gmt":"2023-07-07T13:22:14","guid":{"rendered":"https:\/\/vinasfm.com\/noticias\/?p=124213"},"modified":"2023-07-07T23:08:17","modified_gmt":"2023-07-08T02:08:17","slug":"dia-de-la-independencia-en-la-mora","status":"publish","type":"post","link":"https:\/\/vinasfm.com\/noticias\/dia-de-la-independencia-en-la-mora\/","title":{"rendered":"D\u00cdA DE LA INDEPENDENCIA EN LA MORA"},"content":{"rendered":"<p><strong>En el d\u00eda de ayer se realiz\u00f3 el acto por el \u00abD\u00eda de la Independencia\u00bb en La Mora.<\/strong><\/p>\n<p>La Escuela N\u00b0 1-484 Francisco de Paula de Casta\u00f1eda fue la anfitriona de esta hermosa jornada patri\u00f3tica. Distintos funcionarios compartieron un desayuno con payadas, folclore, tradici\u00f3n y mucha emoci\u00f3n junto a los alumnos y vecinos del paraje.<\/p>\n<p><img loading=\"lazy\" decoding=\"async\" class=\"\" src=\"https:\/\/scontent.fmdz10-1.fna.fbcdn.net\/v\/t39.30808-6\/358035930_659080079599808_883018378194631808_n.jpg?stp=dst-jpg_s960x960&amp;_nc_cat=109&amp;cb=99be929b-3346023f&amp;ccb=1-7&amp;_nc_sid=8bfeb9&amp;_nc_ohc=Q0Z8ynxzweoAX9-Lz4f&amp;_nc_ht=scontent.fmdz10-1.fna&amp;oh=00_AfAEeruiifZKwOk0TInh_3wk9Kt5KFjGOpexmOGVIXiEWg&amp;oe=64AD5F7C\" width=\"350\" height=\"259\" \/> <img loading=\"lazy\" decoding=\"async\" class=\"\" src=\"https:\/\/scontent.fmdz10-1.fna.fbcdn.net\/v\/t39.30808-6\/357726481_659080389599777_6454362715631421305_n.jpg?stp=dst-jpg_p720x720&amp;_nc_cat=105&amp;cb=99be929b-3346023f&amp;ccb=1-7&amp;_nc_sid=8bfeb9&amp;_nc_ohc=U-dzOnjgrQUAX-Hbjq5&amp;_nc_ht=scontent.fmdz10-1.fna&amp;oh=00_AfC2r3fhms_m-dPAfSJmyMLdznHOYvcfO337VZRd3DCQiA&amp;oe=64ACDD21\" width=\"344\" height=\"258\" \/><\/p>\n<p><img loading=\"lazy\" decoding=\"async\" class=\"\" src=\"https:\/\/scontent.fmdz10-1.fna.fbcdn.net\/v\/t39.30808-6\/358132246_659080136266469_38635508521077171_n.jpg?_nc_cat=111&amp;cb=99be929b-3346023f&amp;ccb=1-7&amp;_nc_sid=8bfeb9&amp;_nc_ohc=NEieMD_MoQgAX9NH3Mk&amp;_nc_ht=scontent.fmdz10-1.fna&amp;oh=00_AfDfpsl6VSh_9qfTvOuyxkms-ll_Ju0OiZWrEAGH2KODbQ&amp;oe=64AC43F9\" alt=\"Puede ser una imagen de 2 personas\" width=\"297\" height=\"276\" \/> <img loading=\"lazy\" decoding=\"async\" class=\"\" src=\"https:\/\/scontent.fmdz10-1.fna.fbcdn.net\/v\/t39.30808-6\/357727468_659080262933123_7838080345340541235_n.jpg?_nc_cat=108&amp;cb=99be929b-3346023f&amp;ccb=1-7&amp;_nc_sid=8bfeb9&amp;_nc_ohc=W92cnBUWxZ4AX9mNiI4&amp;_nc_ht=scontent.fmdz10-1.fna&amp;oh=00_AfCJkIoHYWYuhrH202mWuhWwG-Gv8Hhr7PQw7Fgw6P2pxA&amp;oe=64AC98D8\" alt=\"Puede ser una imagen de 2 personas, acorde\u00f3n, guitarra y texto\" width=\"413\" height=\"276\" \/><\/p>\n<p><img loading=\"lazy\" decoding=\"async\" class=\"\" src=\"https:\/\/scontent.fmdz10-1.fna.fbcdn.net\/v\/t39.30808-6\/358419388_579242391072703_3645049703241936133_n.jpg?_nc_cat=108&amp;cb=99be929b-3346023f&amp;ccb=1-7&amp;_nc_sid=8bfeb9&amp;_nc_ohc=TM9WFtv_gDcAX80eY-L&amp;_nc_ht=scontent.fmdz10-1.fna&amp;oh=00_AfB_grJGVpzhIwjN2p11EhyR6y6UAVYXBZusq_FRkNUlzA&amp;oe=64AD7A08\" alt=\"Puede ser una imagen de 4 personas y ni\u00f1os\" width=\"318\" height=\"218\" \/> <img loading=\"lazy\" decoding=\"async\" class=\"\" src=\"https:\/\/scontent.fmdz10-1.fna.fbcdn.net\/v\/t39.30808-6\/358362541_579242477739361_1215962904644982576_n.jpg?_nc_cat=107&amp;cb=99be929b-3346023f&amp;ccb=1-7&amp;_nc_sid=8bfeb9&amp;_nc_ohc=BFVjCSODdugAX_AIUAC&amp;_nc_ht=scontent.fmdz10-1.fna&amp;oh=00_AfA6E3BlEIGWQ2pscseDatpitLOk5HVc6tU_bIA8y4uWSw&amp;oe=64AD5EBB\" alt=\"Puede ser una imagen de 14 personas\" width=\"417\" height=\"217\" \/><\/p>\n<p><img loading=\"lazy\" decoding=\"async\" class=\"\" src=\"https:\/\/scontent.fmdz10-1.fna.fbcdn.net\/v\/t39.30808-6\/357478442_659080412933108_5206604689371782864_n.jpg?_nc_cat=102&amp;cb=99be929b-3346023f&amp;ccb=1-7&amp;_nc_sid=8bfeb9&amp;_nc_ohc=RlG22iX4nmcAX92rMlB&amp;_nc_ht=scontent.fmdz10-1.fna&amp;oh=00_AfCDPtlG1Abyos95-qJCG49RKMdaAg9a3N_rEF0jz8L59A&amp;oe=64AD3AF9\" alt=\"Puede ser una imagen de 3 personas y ni\u00f1os\" width=\"359\" height=\"239\" \/> <img loading=\"lazy\" decoding=\"async\" class=\"\" src=\"https:\/\/scontent.fmdz10-1.fna.fbcdn.net\/v\/t39.30808-6\/357711411_659081072933042_3387643969914849455_n.jpg?_nc_cat=100&amp;cb=99be929b-3346023f&amp;ccb=1-7&amp;_nc_sid=8bfeb9&amp;_nc_ohc=Lo_5bx29tkkAX9eTi2i&amp;_nc_ht=scontent.fmdz10-1.fna&amp;oh=00_AfB2mJAqGcAqzyy3PiGKSt7jIOrL6nWyTON_bwMwvl5NTw&amp;oe=64AD838D\" alt=\"Puede ser una imagen de 3 personas y texto que dice &quot;02 1 NDEP&quot;\" width=\"358\" height=\"238\" \/><\/p>\n<p>&nbsp;<\/p>\n","protected":false},"excerpt":{"rendered":"<p>En el d\u00eda de ayer se realiz\u00f3 el acto por el \u00abD\u00eda de la Independencia\u00bb en La Mora. La Escuela N\u00b0 &#8230;<\/p>\n","protected":false},"author":7,"featured_media":124216,"comment_status":"open","ping_status":"open","sticky":false,"template":"","format":"standard","meta":{"footnotes":""},"categories":[5,10],"tags":[],"class_list":["post-124213","post","type-post","status-publish","format-standard","has-post-thumbnail","hentry","category-actualidad","category-destacadas"],"_links":{"self":[{"href":"https:\/\/vinasfm.com\/noticias\/wp-json\/wp\/v2\/posts\/124213","targetHints":{"allow":["GET"]}}],"collection":[{"href":"https:\/\/vinasfm.com\/noticias\/wp-json\/wp\/v2\/posts"}],"about":[{"href":"https:\/\/vinasfm.com\/noticias\/wp-json\/wp\/v2\/types\/post"}],"author":[{"embeddable":true,"href":"https:\/\/vinasfm.com\/noticias\/wp-json\/wp\/v2\/users\/7"}],"replies":[{"embeddable":true,"href":"https:\/\/vinasfm.com\/noticias\/wp-json\/wp\/v2\/comments?post=124213"}],"version-history":[{"count":2,"href":"https:\/\/vinasfm.com\/noticias\/wp-json\/wp\/v2\/posts\/124213\/revisions"}],"predecessor-version":[{"id":124218,"href":"https:\/\/vinasfm.com\/noticias\/wp-json\/wp\/v2\/posts\/124213\/revisions\/124218"}],"wp:featuredmedia":[{"embeddable":true,"href":"https:\/\/vinasfm.com\/noticias\/wp-json\/wp\/v2\/media\/124216"}],"wp:attachment":[{"href":"https:\/\/vinasfm.com\/noticias\/wp-json\/wp\/v2\/media?parent=124213"}],"wp:term":[{"taxonomy":"category","embeddable":true,"href":"https:\/\/vinasfm.com\/noticias\/wp-json\/wp\/v2\/categories?post=124213"},{"taxonomy":"post_tag","embeddable":true,"href":"https:\/\/vinasfm.com\/noticias\/wp-json\/wp\/v2\/tags?post=124213"}],"curies":[{"name":"wp","href":"https:\/\/api.w.org\/{rel}","templated":true}]}}