{"id":124201,"date":"2023-07-07T09:18:13","date_gmt":"2023-07-07T12:18:13","guid":{"rendered":"https:\/\/vinasfm.com\/noticias\/?p=124201"},"modified":"2023-07-07T22:17:03","modified_gmt":"2023-07-08T01:17:03","slug":"aumento-la-rto-cuanto-sale-hacer-la-revision","status":"publish","type":"post","link":"https:\/\/vinasfm.com\/noticias\/aumento-la-rto-cuanto-sale-hacer-la-revision\/","title":{"rendered":"AUMENT\u00d3 LA RTO: CU\u00c1NTO SALE HACER LA REVISI\u00d3N"},"content":{"rendered":"<p><strong>Se trata de un incremento del 30% para las cinco categor\u00edas de veh\u00edculos que tienen que realizar de forma peri\u00f3dica este control.<\/strong><\/p>\n<p>El Gobierno confirm\u00f3 a trav\u00e9s del Bolet\u00edn Oficial la suba en los valores de la Revisi\u00f3n T\u00e9cnica Obligatoria (RTO) en la provincia. Es un aumento del 30% para las cinco categor\u00edas de veh\u00edculos que tienen que tener actualizado este control.<\/p>\n<p>Se oficializ\u00f3 luego de una resoluci\u00f3n de la Unidad Ejecutiva de Seguridad Vial de la Secretar\u00eda de Servicios P\u00fablicos.<\/p>\n<p>Se trata de una modificaci\u00f3n del valor m\u00e1ximo de cada unidad fiscal (UF) para los tr\u00e1mites de la Revisi\u00f3n T\u00e9cnica Obligatoria. A partir de la ley Impositiva votada por la Legislatura para este a\u00f1o, el valor de cada UF pasa a ser de 54 pesos.<\/p>\n<p>Dentro de los fundamentos, explicaron que el incremento surgi\u00f3 a trav\u00e9s de una solicitud de la C\u00e1mara Revisi\u00f3n T\u00e9cnica Obligatoria Cuyana (CA.R.T.O.CU.), en la cual consideraron que los valores actuales <em><strong>\u00abse encontrar\u00edan desactualizados en comparaci\u00f3n con los de otras jurisdicciones\u00bb.<\/strong><\/em><\/p>\n<h2 id=\"h-los-nuevos-valores-de-la-rto-en-mendoza\" class=\"wp-block-heading\">Los nuevos valores de la RTO en Mendoza<\/h2>\n<ul>\n<li><strong>Motos hasta 300cc:<\/strong> <span style=\"color: #333399;\">$2.940,30<\/span> (45 UF + IVA)<\/li>\n<li><strong>Motos de m\u00e1s de 300cc:<\/strong> <span style=\"color: #333399;\">$5.292,54<\/span> (81 UF + IVA)<\/li>\n<li><strong>Autos:<\/strong> <span style=\"color: #333399;\">$7.644,78<\/span> (117 UF + IVA)<\/li>\n<li><strong>Camionetas:<\/strong> <span style=\"color: #333399;\">$8.494,20<\/span> (130 UF + IVA)<\/li>\n<li><strong>Camiones:<\/strong> <span style=\"color: #333399;\">$10.585,08<\/span> (162 UF + IVA)<\/li>\n<\/ul>\n<p>&nbsp;<\/p>\n","protected":false},"excerpt":{"rendered":"<p>Se trata de un incremento del 30% para las cinco categor\u00edas de veh\u00edculos que tienen que realizar de forma peri\u00f3dica este &#8230;<\/p>\n","protected":false},"author":7,"featured_media":124202,"comment_status":"open","ping_status":"open","sticky":false,"template":"","format":"standard","meta":{"footnotes":""},"categories":[5,169],"tags":[],"class_list":["post-124201","post","type-post","status-publish","format-standard","has-post-thumbnail","hentry","category-actualidad","category-aumentos"],"_links":{"self":[{"href":"https:\/\/vinasfm.com\/noticias\/wp-json\/wp\/v2\/posts\/124201","targetHints":{"allow":["GET"]}}],"collection":[{"href":"https:\/\/vinasfm.com\/noticias\/wp-json\/wp\/v2\/posts"}],"about":[{"href":"https:\/\/vinasfm.com\/noticias\/wp-json\/wp\/v2\/types\/post"}],"author":[{"embeddable":true,"href":"https:\/\/vinasfm.com\/noticias\/wp-json\/wp\/v2\/users\/7"}],"replies":[{"embeddable":true,"href":"https:\/\/vinasfm.com\/noticias\/wp-json\/wp\/v2\/comments?post=124201"}],"version-history":[{"count":2,"href":"https:\/\/vinasfm.com\/noticias\/wp-json\/wp\/v2\/posts\/124201\/revisions"}],"predecessor-version":[{"id":124246,"href":"https:\/\/vinasfm.com\/noticias\/wp-json\/wp\/v2\/posts\/124201\/revisions\/124246"}],"wp:featuredmedia":[{"embeddable":true,"href":"https:\/\/vinasfm.com\/noticias\/wp-json\/wp\/v2\/media\/124202"}],"wp:attachment":[{"href":"https:\/\/vinasfm.com\/noticias\/wp-json\/wp\/v2\/media?parent=124201"}],"wp:term":[{"taxonomy":"category","embeddable":true,"href":"https:\/\/vinasfm.com\/noticias\/wp-json\/wp\/v2\/categories?post=124201"},{"taxonomy":"post_tag","embeddable":true,"href":"https:\/\/vinasfm.com\/noticias\/wp-json\/wp\/v2\/tags?post=124201"}],"curies":[{"name":"wp","href":"https:\/\/api.w.org\/{rel}","templated":true}]}}