{"id":124195,"date":"2023-07-06T21:29:00","date_gmt":"2023-07-07T00:29:00","guid":{"rendered":"https:\/\/vinasfm.com\/noticias\/?p=124195"},"modified":"2023-07-10T10:36:34","modified_gmt":"2023-07-10T13:36:34","slug":"un-nuevo-siniestro-vial-dejo-como-resultado-verios-lesionados","status":"publish","type":"post","link":"https:\/\/vinasfm.com\/noticias\/un-nuevo-siniestro-vial-dejo-como-resultado-verios-lesionados\/","title":{"rendered":"UN NUEVO SINIESTRO VIAL DEJ\u00d3 COMO RESULTADO VARIOS LESIONADOS"},"content":{"rendered":"<p><strong>Siendo las 16:30 horas aproximadamente se tom\u00f3 conocimiento de un siniestro vial en Ruta 143, 5 km al sur de Cochico.<\/strong><\/p>\n<p>Por el lugar con direcci\u00f3n hacia el sur circulaba un autom\u00f3vil Peugeot 307 con cinco ocupantes, oriundos de la Provincia de La Pampa y en direcci\u00f3n contraria (hacia el norte) lo hac\u00eda una camioneta conducida por un ciudadano mayor de edad y su hijo menor de 16 a\u00f1os oriundos de la provincia de Chubut.<\/p>\n<p><a href=\"https:\/\/vinasfm.com\/noticias\/wp-content\/uploads\/2023\/07\/WhatsApp-Image-2023-07-06-at-21.24.46.jpeg\"><img loading=\"lazy\" decoding=\"async\" class=\"alignnone wp-image-124197\" src=\"https:\/\/vinasfm.com\/noticias\/wp-content\/uploads\/2023\/07\/WhatsApp-Image-2023-07-06-at-21.24.46.jpeg\" alt=\"\" width=\"400\" height=\"225\" srcset=\"https:\/\/vinasfm.com\/noticias\/wp-content\/uploads\/2023\/07\/WhatsApp-Image-2023-07-06-at-21.24.46.jpeg 1600w, https:\/\/vinasfm.com\/noticias\/wp-content\/uploads\/2023\/07\/WhatsApp-Image-2023-07-06-at-21.24.46-300x169.jpeg 300w, https:\/\/vinasfm.com\/noticias\/wp-content\/uploads\/2023\/07\/WhatsApp-Image-2023-07-06-at-21.24.46-1024x576.jpeg 1024w, https:\/\/vinasfm.com\/noticias\/wp-content\/uploads\/2023\/07\/WhatsApp-Image-2023-07-06-at-21.24.46-768x432.jpeg 768w, https:\/\/vinasfm.com\/noticias\/wp-content\/uploads\/2023\/07\/WhatsApp-Image-2023-07-06-at-21.24.46-1536x864.jpeg 1536w, https:\/\/vinasfm.com\/noticias\/wp-content\/uploads\/2023\/07\/WhatsApp-Image-2023-07-06-at-21.24.46-750x420.jpeg 750w, https:\/\/vinasfm.com\/noticias\/wp-content\/uploads\/2023\/07\/WhatsApp-Image-2023-07-06-at-21.24.46-1140x641.jpeg 1140w\" sizes=\"auto, (max-width: 400px) 100vw, 400px\" \/><\/a> <a href=\"https:\/\/vinasfm.com\/noticias\/wp-content\/uploads\/2023\/07\/WhatsApp-Image-2023-07-06-at-21.24.32.jpeg\"><img loading=\"lazy\" decoding=\"async\" class=\"alignnone wp-image-124198\" src=\"https:\/\/vinasfm.com\/noticias\/wp-content\/uploads\/2023\/07\/WhatsApp-Image-2023-07-06-at-21.24.32.jpeg\" alt=\"\" width=\"400\" height=\"225\" srcset=\"https:\/\/vinasfm.com\/noticias\/wp-content\/uploads\/2023\/07\/WhatsApp-Image-2023-07-06-at-21.24.32.jpeg 1600w, https:\/\/vinasfm.com\/noticias\/wp-content\/uploads\/2023\/07\/WhatsApp-Image-2023-07-06-at-21.24.32-300x169.jpeg 300w, https:\/\/vinasfm.com\/noticias\/wp-content\/uploads\/2023\/07\/WhatsApp-Image-2023-07-06-at-21.24.32-1024x576.jpeg 1024w, https:\/\/vinasfm.com\/noticias\/wp-content\/uploads\/2023\/07\/WhatsApp-Image-2023-07-06-at-21.24.32-768x432.jpeg 768w, https:\/\/vinasfm.com\/noticias\/wp-content\/uploads\/2023\/07\/WhatsApp-Image-2023-07-06-at-21.24.32-1536x864.jpeg 1536w, https:\/\/vinasfm.com\/noticias\/wp-content\/uploads\/2023\/07\/WhatsApp-Image-2023-07-06-at-21.24.32-750x420.jpeg 750w, https:\/\/vinasfm.com\/noticias\/wp-content\/uploads\/2023\/07\/WhatsApp-Image-2023-07-06-at-21.24.32-1140x641.jpeg 1140w\" sizes=\"auto, (max-width: 400px) 100vw, 400px\" \/><\/a><\/p>\n<p><strong>Por razones que se tratan de establecer aparentemente uno de los conductores habr\u00eda invadido el carril contrario y ella motiv\u00f3 el impacto casi frontal. Como consecuencia de ello resultan todos los ciudadanos lesionados de distinta gravedad, siendo los conductores de ambos rodados los que resultan con lesiones de mayor gravedad conforme a lo informado hasta este momento por el nosocomio local.<\/strong><\/p>\n","protected":false},"excerpt":{"rendered":"<p>Siendo las 16:30 horas aproximadamente se tom\u00f3 conocimiento de un siniestro vial en Ruta 143, 5 km al sur de Cochico. &#8230;<\/p>\n","protected":false},"author":7,"featured_media":124196,"comment_status":"open","ping_status":"open","sticky":false,"template":"","format":"standard","meta":{"footnotes":""},"categories":[5,184],"tags":[],"class_list":["post-124195","post","type-post","status-publish","format-standard","has-post-thumbnail","hentry","category-actualidad","category-siniestro-vial"],"_links":{"self":[{"href":"https:\/\/vinasfm.com\/noticias\/wp-json\/wp\/v2\/posts\/124195","targetHints":{"allow":["GET"]}}],"collection":[{"href":"https:\/\/vinasfm.com\/noticias\/wp-json\/wp\/v2\/posts"}],"about":[{"href":"https:\/\/vinasfm.com\/noticias\/wp-json\/wp\/v2\/types\/post"}],"author":[{"embeddable":true,"href":"https:\/\/vinasfm.com\/noticias\/wp-json\/wp\/v2\/users\/7"}],"replies":[{"embeddable":true,"href":"https:\/\/vinasfm.com\/noticias\/wp-json\/wp\/v2\/comments?post=124195"}],"version-history":[{"count":2,"href":"https:\/\/vinasfm.com\/noticias\/wp-json\/wp\/v2\/posts\/124195\/revisions"}],"predecessor-version":[{"id":124292,"href":"https:\/\/vinasfm.com\/noticias\/wp-json\/wp\/v2\/posts\/124195\/revisions\/124292"}],"wp:featuredmedia":[{"embeddable":true,"href":"https:\/\/vinasfm.com\/noticias\/wp-json\/wp\/v2\/media\/124196"}],"wp:attachment":[{"href":"https:\/\/vinasfm.com\/noticias\/wp-json\/wp\/v2\/media?parent=124195"}],"wp:term":[{"taxonomy":"category","embeddable":true,"href":"https:\/\/vinasfm.com\/noticias\/wp-json\/wp\/v2\/categories?post=124195"},{"taxonomy":"post_tag","embeddable":true,"href":"https:\/\/vinasfm.com\/noticias\/wp-json\/wp\/v2\/tags?post=124195"}],"curies":[{"name":"wp","href":"https:\/\/api.w.org\/{rel}","templated":true}]}}