{"id":124184,"date":"2023-07-06T10:01:31","date_gmt":"2023-07-06T13:01:31","guid":{"rendered":"https:\/\/vinasfm.com\/noticias\/?p=124184"},"modified":"2023-07-07T11:01:08","modified_gmt":"2023-07-07T14:01:08","slug":"fuerte-temblor-se-sintio-en-mendoza","status":"publish","type":"post","link":"https:\/\/vinasfm.com\/noticias\/fuerte-temblor-se-sintio-en-mendoza\/","title":{"rendered":"FUERTE TEMBLOR SE SINTI\u00d3 EN MENDOZA"},"content":{"rendered":"<p>Un fuerte movimiento s\u00edsmico se sinti\u00f3 este mi\u00e9rcoles por la noche minutos despu\u00e9s de las 23.<\/p>\n<p>De acuerdo con los datos aportados por el Instituto Provincial de Prevenci\u00f3n S\u00edsmica, tuvo una magnitud de 4,6 grados en la escala de Richter y fue a 16 kil\u00f3metros de profundidad.<\/p>\n<aside class=\"scaip scaip-1 \"><\/aside>\n<p>El temblor se sinti\u00f3 fuertemente en diferentes puntos de Mendoza.\u00a0El epicentro fue ubicado apenas al noreste de la capital provincial.<\/p>\n<aside class=\"scaip scaip-2 \"><\/aside>\n<p>Fue el segundo sismo que<a href=\"https:\/\/www.elsol.com.ar\/mendoza\/un-leve-sismo-desperto-en-la-madrugada-a-los-mendocinos\/\">\u00a0se percibi\u00f3 en nuestra provincia en menos de 24 horas.\u00a0<\/a>Por la madrugada, otro movimiento hab\u00eda despertado a los mendocinos; esta vez con epicentro cercano a la Ciudad de Mendoza.<\/p>\n","protected":false},"excerpt":{"rendered":"<p>Un fuerte movimiento s\u00edsmico se sinti\u00f3 este mi\u00e9rcoles por la noche minutos despu\u00e9s de las 23. De acuerdo con los datos &#8230;<\/p>\n","protected":false},"author":7,"featured_media":124185,"comment_status":"open","ping_status":"open","sticky":false,"template":"","format":"standard","meta":{"footnotes":""},"categories":[5,10],"tags":[],"class_list":["post-124184","post","type-post","status-publish","format-standard","has-post-thumbnail","hentry","category-actualidad","category-destacadas"],"_links":{"self":[{"href":"https:\/\/vinasfm.com\/noticias\/wp-json\/wp\/v2\/posts\/124184","targetHints":{"allow":["GET"]}}],"collection":[{"href":"https:\/\/vinasfm.com\/noticias\/wp-json\/wp\/v2\/posts"}],"about":[{"href":"https:\/\/vinasfm.com\/noticias\/wp-json\/wp\/v2\/types\/post"}],"author":[{"embeddable":true,"href":"https:\/\/vinasfm.com\/noticias\/wp-json\/wp\/v2\/users\/7"}],"replies":[{"embeddable":true,"href":"https:\/\/vinasfm.com\/noticias\/wp-json\/wp\/v2\/comments?post=124184"}],"version-history":[{"count":1,"href":"https:\/\/vinasfm.com\/noticias\/wp-json\/wp\/v2\/posts\/124184\/revisions"}],"predecessor-version":[{"id":124186,"href":"https:\/\/vinasfm.com\/noticias\/wp-json\/wp\/v2\/posts\/124184\/revisions\/124186"}],"wp:featuredmedia":[{"embeddable":true,"href":"https:\/\/vinasfm.com\/noticias\/wp-json\/wp\/v2\/media\/124185"}],"wp:attachment":[{"href":"https:\/\/vinasfm.com\/noticias\/wp-json\/wp\/v2\/media?parent=124184"}],"wp:term":[{"taxonomy":"category","embeddable":true,"href":"https:\/\/vinasfm.com\/noticias\/wp-json\/wp\/v2\/categories?post=124184"},{"taxonomy":"post_tag","embeddable":true,"href":"https:\/\/vinasfm.com\/noticias\/wp-json\/wp\/v2\/tags?post=124184"}],"curies":[{"name":"wp","href":"https:\/\/api.w.org\/{rel}","templated":true}]}}