{"id":124178,"date":"2023-07-06T07:42:06","date_gmt":"2023-07-06T10:42:06","guid":{"rendered":"https:\/\/vinasfm.com\/noticias\/?p=124178"},"modified":"2023-07-06T09:42:53","modified_gmt":"2023-07-06T12:42:53","slug":"con-gran-exito-la-escuela-agricultura-llevo-a-cabo-a-la-21-edicion-de-la-feria-del-productor-artesanal","status":"publish","type":"post","link":"https:\/\/vinasfm.com\/noticias\/con-gran-exito-la-escuela-agricultura-llevo-a-cabo-a-la-21-edicion-de-la-feria-del-productor-artesanal\/","title":{"rendered":"CON GRAN \u00c9XITO LA ESCUELA AGRICULTURA LLEV\u00d3 A CABO A LA 21\u00b0 EDICI\u00d3N DE LA FERIA DEL PRODUCTOR ARTESANAL"},"content":{"rendered":"<p><strong>Con gran concurrencia se realiz\u00f3 la Exposici\u00f3n, con m\u00e1s de 30 expositores y Venta de productos locales, el Acto de apertura y show art\u00edsticos.<\/strong><\/p>\n<p>Esta feria es uno de los principales emblemas que tiene la instituci\u00f3n, que adem\u00e1s de brindarle un espacio a los artesanos locales, le da la oportunidad los alumnos presentar los proyectos que llevan a cabo desde distintos espacios curriculares.<\/p>\n<p>Con orgullo, Marcelo Sauer director del establecimiento, expres\u00f3 <em><strong>\u201cafortunadamente tenemos una gran respuesta de la personas a pesar de coincidir con los festejos patronales de Carmensa\u201d.\u00a0<\/strong><\/em><\/p>\n<p><img loading=\"lazy\" decoding=\"async\" class=\"\" src=\"https:\/\/scontent.fmdz10-1.fna.fbcdn.net\/v\/t39.30808-6\/357134203_656156266558856_1631857014231062356_n.jpg?_nc_cat=105&amp;cb=99be929b-3346023f&amp;ccb=1-7&amp;_nc_sid=8bfeb9&amp;_nc_ohc=8urjaKqo4roAX-7jb1r&amp;_nc_ht=scontent.fmdz10-1.fna&amp;oh=00_AfCec5ghfot6y4lO_ZkjawQot3GTsbhkrfCUzshtAsS93g&amp;oe=64AB07F8\" alt=\"Puede ser una imagen de 1 persona, juguete y texto\" width=\"358\" height=\"243\" \/> <img loading=\"lazy\" decoding=\"async\" class=\"\" src=\"https:\/\/scontent.fmdz10-1.fna.fbcdn.net\/v\/t39.30808-6\/357389465_656153649892451_5055610067668450494_n.jpg?_nc_cat=100&amp;cb=99be929b-3346023f&amp;ccb=1-7&amp;_nc_sid=8bfeb9&amp;_nc_ohc=ky8aILI9GBkAX813vBV&amp;_nc_ht=scontent.fmdz10-1.fna&amp;oh=00_AfA4Fpwk27NGhNy3qhep6a9jhbEZmha4FkfQ8KldwDqsCQ&amp;oe=64AAD4C4\" alt=\"Puede ser una imagen de 3 personas\" width=\"365\" height=\"243\" \/><\/p>\n<p><img loading=\"lazy\" decoding=\"async\" class=\"\" src=\"https:\/\/scontent.fmdz10-1.fna.fbcdn.net\/v\/t39.30808-6\/357445469_656153099892506_7609133802869910672_n.jpg?_nc_cat=111&amp;cb=99be929b-3346023f&amp;ccb=1-7&amp;_nc_sid=8bfeb9&amp;_nc_ohc=86iNiNNl1E0AX_TBdKn&amp;_nc_ht=scontent.fmdz10-1.fna&amp;oh=00_AfDhJoR161iJY4kODPXnNRLcAAHL3o_xpaBGuY9wnwnRew&amp;oe=64AC1A5A\" alt=\"Puede ser una imagen de 5 personas y multitud\" width=\"360\" height=\"236\" \/> <img loading=\"lazy\" decoding=\"async\" class=\"\" src=\"https:\/\/scontent.fmdz10-1.fna.fbcdn.net\/v\/t39.30808-6\/357188690_656153763225773_7881661237505097555_n.jpg?_nc_cat=102&amp;cb=99be929b-3346023f&amp;ccb=1-7&amp;_nc_sid=8bfeb9&amp;_nc_ohc=4QnS7AyS31QAX91TDsq&amp;_nc_ht=scontent.fmdz10-1.fna&amp;oh=00_AfBdnJw4lz2W47TBljg-43_L8P8ZUlukb9QuKs2E8CoBZw&amp;oe=64AC2C1C\" alt=\"Puede ser una imagen de una o varias personas, personas estudiando, tabla y multitud\" width=\"415\" height=\"234\" \/><\/p>\n<p>&nbsp;<\/p>\n<p>La 21\u00b0 Edici\u00f3n de la Feria del Productor Artesanal tabi\u00e9n cont\u00f3 con shows musicales, todos vinculados a la instituci\u00f3n por tratarse de alumnos, ex alumnos y familias de la escuela.<\/p>\n<p><img loading=\"lazy\" decoding=\"async\" class=\"aligncenter\" src=\"https:\/\/scontent.fmdz10-1.fna.fbcdn.net\/v\/t39.30808-6\/356626571_656156233225526_7173617876129783377_n.jpg?_nc_cat=105&amp;cb=99be929b-3346023f&amp;ccb=1-7&amp;_nc_sid=8bfeb9&amp;_nc_ohc=aW_lI-YQ2z8AX95bK7k&amp;_nc_ht=scontent.fmdz10-1.fna&amp;oh=00_AfAGTB8Uuw3tPO2cwnl1H17VR1DswOiFInfh3MuqgU-O4A&amp;oe=64ABBCC4\" alt=\"Puede ser una imagen de 1 persona y guitarra\" width=\"472\" height=\"314\" \/><\/p>\n<p>El tradicional \u201cCorte de Jam\u00f3n\u201d, lo llev\u00f3 adelante Jorge Mazzeo, quien forma parte del personal administrativo de la escuela. A \u00e9l se unieron Marcelo Sauer (Director), Daniela L\u00f3pez (Vicedirectora), Mabel Ucelli, presidente del Honorable Concejo Deliberante de General Alvear, y dem\u00e1s autoridades municipales.<\/p>\n<p><img loading=\"lazy\" decoding=\"async\" class=\"aligncenter\" src=\"https:\/\/scontent.fmdz10-1.fna.fbcdn.net\/v\/t39.30808-6\/357690542_711800667418926_2410905962842774708_n.jpg?_nc_cat=109&amp;cb=99be929b-3346023f&amp;ccb=1-7&amp;_nc_sid=730e14&amp;_nc_ohc=lwQhMfqHY54AX9jCK2I&amp;_nc_ht=scontent.fmdz10-1.fna&amp;oh=00_AfDOmAeVnlOq7nl9HBrUcyox4BIn-0sglXT0CQaSVrbCTA&amp;oe=64ABCD7A\" alt=\"Puede ser una imagen de 7 personas, acorde\u00f3n, altavoz, saxof\u00f3n y multitud\" width=\"500\" height=\"500\" \/><\/p>\n","protected":false},"excerpt":{"rendered":"<p>Con gran concurrencia se realiz\u00f3 la Exposici\u00f3n, con m\u00e1s de 30 expositores y Venta de productos locales, el Acto de apertura &#8230;<\/p>\n","protected":false},"author":7,"featured_media":124179,"comment_status":"open","ping_status":"open","sticky":false,"template":"","format":"standard","meta":{"footnotes":""},"categories":[1],"tags":[],"class_list":["post-124178","post","type-post","status-publish","format-standard","has-post-thumbnail","hentry","category-fmvinas"],"_links":{"self":[{"href":"https:\/\/vinasfm.com\/noticias\/wp-json\/wp\/v2\/posts\/124178","targetHints":{"allow":["GET"]}}],"collection":[{"href":"https:\/\/vinasfm.com\/noticias\/wp-json\/wp\/v2\/posts"}],"about":[{"href":"https:\/\/vinasfm.com\/noticias\/wp-json\/wp\/v2\/types\/post"}],"author":[{"embeddable":true,"href":"https:\/\/vinasfm.com\/noticias\/wp-json\/wp\/v2\/users\/7"}],"replies":[{"embeddable":true,"href":"https:\/\/vinasfm.com\/noticias\/wp-json\/wp\/v2\/comments?post=124178"}],"version-history":[{"count":1,"href":"https:\/\/vinasfm.com\/noticias\/wp-json\/wp\/v2\/posts\/124178\/revisions"}],"predecessor-version":[{"id":124180,"href":"https:\/\/vinasfm.com\/noticias\/wp-json\/wp\/v2\/posts\/124178\/revisions\/124180"}],"wp:featuredmedia":[{"embeddable":true,"href":"https:\/\/vinasfm.com\/noticias\/wp-json\/wp\/v2\/media\/124179"}],"wp:attachment":[{"href":"https:\/\/vinasfm.com\/noticias\/wp-json\/wp\/v2\/media?parent=124178"}],"wp:term":[{"taxonomy":"category","embeddable":true,"href":"https:\/\/vinasfm.com\/noticias\/wp-json\/wp\/v2\/categories?post=124178"},{"taxonomy":"post_tag","embeddable":true,"href":"https:\/\/vinasfm.com\/noticias\/wp-json\/wp\/v2\/tags?post=124178"}],"curies":[{"name":"wp","href":"https:\/\/api.w.org\/{rel}","templated":true}]}}