{"id":124170,"date":"2023-07-06T09:07:22","date_gmt":"2023-07-06T12:07:22","guid":{"rendered":"https:\/\/vinasfm.com\/noticias\/?p=124170"},"modified":"2023-07-07T10:23:40","modified_gmt":"2023-07-07T13:23:40","slug":"ponen-en-macha-reformas-en-el-edificio-municipal-para-la-modernizacion-en-la-atencion-al-publico","status":"publish","type":"post","link":"https:\/\/vinasfm.com\/noticias\/ponen-en-macha-reformas-en-el-edificio-municipal-para-la-modernizacion-en-la-atencion-al-publico\/","title":{"rendered":"PONEN EN MACHA REFORMAS EN EL EDIFICIO MUNICIPAL PARA LA MODERNIZACI\u00d3N EN LA ATENCI\u00d3N AL P\u00daBLICO"},"content":{"rendered":"<p><strong>Alain Koninckx, Secretario de Hacienda y Administraci\u00f3n, present\u00f3 el proyecto de re funcionalizaci\u00f3n, de la zona de atenci\u00f3n al p\u00fablico, de la Municipalidad de General Alvear.<\/strong><\/p>\n<p>La obra estaba prevista para el ciclo 2022 pero la licitaci\u00f3n qued\u00f3 desierta. <strong><em>\u201cResponde a un plan que tenemos desde el principio de la gesti\u00f3n, que consiste en poner al vecino en el frente de la escena\u201d<\/em><\/strong>, expres\u00f3 Alain Koninckx.<\/p>\n<p>Con un presupuesto de $11.000.000 aproximadamente, las reformas en el edificio municipal buscan ayornar el mismo y adaptarse a las nuevas formas de trabajo; pero tambi\u00e9n contempla la inclusi\u00f3n, esto con la incorporaci\u00f3n de un ascensor.<\/p>\n<p><a href=\"https:\/\/vinasfm.com\/noticias\/wp-content\/uploads\/2023\/07\/WhatsApp-Image-2023-07-06-at-08.53.58.jpeg\"><img loading=\"lazy\" decoding=\"async\" class=\"alignnone wp-image-124171\" src=\"https:\/\/vinasfm.com\/noticias\/wp-content\/uploads\/2023\/07\/WhatsApp-Image-2023-07-06-at-08.53.58.jpeg\" alt=\"\" width=\"300\" height=\"400\" srcset=\"https:\/\/vinasfm.com\/noticias\/wp-content\/uploads\/2023\/07\/WhatsApp-Image-2023-07-06-at-08.53.58.jpeg 1200w, https:\/\/vinasfm.com\/noticias\/wp-content\/uploads\/2023\/07\/WhatsApp-Image-2023-07-06-at-08.53.58-225x300.jpeg 225w, https:\/\/vinasfm.com\/noticias\/wp-content\/uploads\/2023\/07\/WhatsApp-Image-2023-07-06-at-08.53.58-768x1024.jpeg 768w, https:\/\/vinasfm.com\/noticias\/wp-content\/uploads\/2023\/07\/WhatsApp-Image-2023-07-06-at-08.53.58-1152x1536.jpeg 1152w\" sizes=\"auto, (max-width: 300px) 100vw, 300px\" \/><\/a> <a href=\"https:\/\/vinasfm.com\/noticias\/wp-content\/uploads\/2023\/07\/WhatsApp-Image-2023-07-06-at-08.53.57.jpeg\"><img loading=\"lazy\" decoding=\"async\" class=\"alignnone wp-image-124172\" src=\"https:\/\/vinasfm.com\/noticias\/wp-content\/uploads\/2023\/07\/WhatsApp-Image-2023-07-06-at-08.53.57.jpeg\" alt=\"\" width=\"300\" height=\"400\" srcset=\"https:\/\/vinasfm.com\/noticias\/wp-content\/uploads\/2023\/07\/WhatsApp-Image-2023-07-06-at-08.53.57.jpeg 1200w, https:\/\/vinasfm.com\/noticias\/wp-content\/uploads\/2023\/07\/WhatsApp-Image-2023-07-06-at-08.53.57-225x300.jpeg 225w, https:\/\/vinasfm.com\/noticias\/wp-content\/uploads\/2023\/07\/WhatsApp-Image-2023-07-06-at-08.53.57-768x1024.jpeg 768w, https:\/\/vinasfm.com\/noticias\/wp-content\/uploads\/2023\/07\/WhatsApp-Image-2023-07-06-at-08.53.57-1152x1536.jpeg 1152w\" sizes=\"auto, (max-width: 300px) 100vw, 300px\" \/><\/a><\/p>\n<p><strong><em>\u00a0\u201cEstamos incorporando un hall que nos permitir\u00e1 hacer la recepci\u00f3n e incluiremos una atenci\u00f3n directa para los ciudadanos\u201d,<\/em><\/strong> indic\u00f3 Koninckx. Estas reformas edilicias y administrativas permitir\u00e1n mejorar la calidad en la atenci\u00f3n a los ciudadanos ya que no tendr\u00e1n que hacer largas colas para realizar reclamos, pagos o cualquier otro requerimiento.<\/p>\n<p>Por \u00faltimo, el Secretario de Hacienda y Administraci\u00f3n, aclar\u00f3 que <strong><em>\u201cno se incorporar\u00e1n m\u00e1s empleados pero si ser\u00e1 necesario capacitar a los que ya forman parte del municipio\u201d.<\/em><\/strong><\/p>\n","protected":false},"excerpt":{"rendered":"<p>Alain Koninckx, Secretario de Hacienda y Administraci\u00f3n, present\u00f3 el proyecto de re funcionalizaci\u00f3n, de la zona de atenci\u00f3n al p\u00fablico, de &#8230;<\/p>\n","protected":false},"author":7,"featured_media":124173,"comment_status":"open","ping_status":"open","sticky":false,"template":"","format":"standard","meta":{"footnotes":""},"categories":[5,78],"tags":[],"class_list":["post-124170","post","type-post","status-publish","format-standard","has-post-thumbnail","hentry","category-actualidad","category-municipalidad"],"_links":{"self":[{"href":"https:\/\/vinasfm.com\/noticias\/wp-json\/wp\/v2\/posts\/124170","targetHints":{"allow":["GET"]}}],"collection":[{"href":"https:\/\/vinasfm.com\/noticias\/wp-json\/wp\/v2\/posts"}],"about":[{"href":"https:\/\/vinasfm.com\/noticias\/wp-json\/wp\/v2\/types\/post"}],"author":[{"embeddable":true,"href":"https:\/\/vinasfm.com\/noticias\/wp-json\/wp\/v2\/users\/7"}],"replies":[{"embeddable":true,"href":"https:\/\/vinasfm.com\/noticias\/wp-json\/wp\/v2\/comments?post=124170"}],"version-history":[{"count":1,"href":"https:\/\/vinasfm.com\/noticias\/wp-json\/wp\/v2\/posts\/124170\/revisions"}],"predecessor-version":[{"id":124174,"href":"https:\/\/vinasfm.com\/noticias\/wp-json\/wp\/v2\/posts\/124170\/revisions\/124174"}],"wp:featuredmedia":[{"embeddable":true,"href":"https:\/\/vinasfm.com\/noticias\/wp-json\/wp\/v2\/media\/124173"}],"wp:attachment":[{"href":"https:\/\/vinasfm.com\/noticias\/wp-json\/wp\/v2\/media?parent=124170"}],"wp:term":[{"taxonomy":"category","embeddable":true,"href":"https:\/\/vinasfm.com\/noticias\/wp-json\/wp\/v2\/categories?post=124170"},{"taxonomy":"post_tag","embeddable":true,"href":"https:\/\/vinasfm.com\/noticias\/wp-json\/wp\/v2\/tags?post=124170"}],"curies":[{"name":"wp","href":"https:\/\/api.w.org\/{rel}","templated":true}]}}