{"id":124167,"date":"2023-07-06T08:35:25","date_gmt":"2023-07-06T11:35:25","guid":{"rendered":"https:\/\/vinasfm.com\/noticias\/?p=124167"},"modified":"2023-07-07T09:19:42","modified_gmt":"2023-07-07T12:19:42","slug":"en-conferencia-de-prensa-presentaron-oficialmente-la-4-fecha-del-canav-fue-presentada-oficialmente-en-alvear","status":"publish","type":"post","link":"https:\/\/vinasfm.com\/noticias\/en-conferencia-de-prensa-presentaron-oficialmente-la-4-fecha-del-canav-fue-presentada-oficialmente-en-alvear\/","title":{"rendered":"EN CONFERENCIA DE PRENSA, PRESENTARON OFICIALMENTE LA 4\u00b0 FECHA DEL CANAV"},"content":{"rendered":"<p><strong>El Intendente Walther Marcolini junto a Juan Pablo Cisterna, Organizador del CANAV, presentaron la cuarta fecha del Campeonato Argentino de Navegaci\u00f3n Rally Raid Aventura General Alvear-El Nihuil. La competencia ser\u00e1 desde este viernes 7 al domingo 9 de julio, con un total de 588km cronometrados.<\/strong><\/p>\n<p><strong><em>\u201cEs un placer recibir a Juan Pablo Cisterna y a su equipo de trabajo, resulta fundamental la labor conjunta con la Direcci\u00f3n de Deportes, Actividad F\u00edsica y Recreaci\u00f3n y la Direcci\u00f3n de Turismo, dado que son \u00e1reas estrat\u00e9gicas con las cuales est\u00e1 pensado este evento deportivo, que contar\u00e1 con aproximadamente cien equipos, que en el d\u00eda de hoy van a estar llegando al Departamento. Nos complace contar con estas actividades deportivas en General Alvear para que puedan disfrutar las familias alvearenses, adem\u00e1s de poner en valor el turismo del Departamento\u201d,<\/em><\/strong> expres\u00f3 el<span style=\"color: #800080;\"><strong> jefe comunal.<\/strong><\/span><\/p>\n<p>Por su parte, <strong><span style=\"color: #800080;\">Juan Pablo Cisterna<\/span><\/strong> resalt\u00f3<strong><em>: \u201cestamos muy felices de estar nuevamente en General Alvear, es una fecha especial, a lo largo de estos a\u00f1os hemos generado un v\u00ednculo con el intendente y con sus colaboradores de turismo y de deportes. Todos nos han abierto las puertas del Departamento y es la quinta vez que el CANAV se desarrolla en esta zona\u201d.<\/em><\/strong><\/p>\n<p>En esta nueva fecha del CANAV, que unir\u00e1 a General Alvear con El Nihuil, participar\u00e1n cerca de cien veh\u00edculos. <em><strong>\u201cSer\u00e1 una competencia internacional con un importante nivel. Quienes vengan por primera vez van a poder disfrutar la hoteler\u00eda, la gastronom\u00eda, los paisajes y lugares, adem\u00e1s de la calidez de la gente, algo que ac\u00e1 parece normal, pero no se encuentra en otras plazas. Vendr\u00e1 p\u00fablico de Mendoza, de San Rafael, habr\u00e1 una gran movida durante todo el fin de semana, ser\u00e1 muy importante que los prestadores est\u00e9n preparados para recibir a mucha gente\u201d<\/strong>,<\/em> se\u00f1al\u00f3 Cisterna.<\/p>\n<p>El vivac se realizar\u00e1 en el Polideportivo Deportistas Alvearenses y desde el d\u00eda de ayer comenzaron a llegar algunos equipos que competir\u00e1n.<\/p>\n<h2>Cronograma<\/h2>\n<h3>Etapa 1<\/h3>\n<ul>\n<li>El viernes 7 de julio, a las 15:00h inicia la competencia en el Aut\u00f3dromo V\u00edctor Garc\u00eda, a las 20:30h se har\u00e1 una largada simb\u00f3lica desde la Plaza departamental Carlos Mar\u00eda de Alvear.<img loading=\"lazy\" decoding=\"async\" class=\"aligncenter\" src=\"https:\/\/vinasfm.com\/noticias\/wp-content\/uploads\/2023\/07\/357946050_3693067587588134_3203137211737604678_n.jpg\" width=\"500\" height=\"607\" \/><\/li>\n<\/ul>\n<h3>Etapa 2<\/h3>\n<ul>\n<li>El s\u00e1bado 8 se desarrollar\u00e1 la etapa m\u00e1s larga, ir\u00e1n por Arrollo Los Leones y volver\u00e1n por Cerro Los Chanchos, dado que van a las Dunas de El Nihuil.<img loading=\"lazy\" decoding=\"async\" class=\"aligncenter\" src=\"https:\/\/vinasfm.com\/noticias\/wp-content\/uploads\/2023\/07\/357646412_6119765204787544_3720133352956622077_n.jpg\" width=\"500\" height=\"606\" \/><\/li>\n<\/ul>\n<h3>Etapa 3<\/h3>\n<p>El domingo 9 de julio, a partir de las 8:00h recorrer\u00e1n los parajes La Mora y Canalejas de Bowen. A las 15:30h se har\u00e1 la entrega de premios en el Polideportivo Deportistas Alvearenses.<img loading=\"lazy\" decoding=\"async\" class=\"aligncenter\" src=\"https:\/\/vinasfm.com\/noticias\/wp-content\/uploads\/2023\/07\/357643654_180205641498621_5209700489381237749_n.jpg\" width=\"500\" height=\"607\" \/><\/p>\n","protected":false},"excerpt":{"rendered":"<p>El Intendente Walther Marcolini junto a Juan Pablo Cisterna, Organizador del CANAV, presentaron la cuarta fecha del Campeonato Argentino de Navegaci\u00f3n &#8230;<\/p>\n","protected":false},"author":7,"featured_media":124168,"comment_status":"open","ping_status":"open","sticky":false,"template":"","format":"standard","meta":{"footnotes":""},"categories":[5,3],"tags":[],"class_list":["post-124167","post","type-post","status-publish","format-standard","has-post-thumbnail","hentry","category-actualidad","category-deportes"],"_links":{"self":[{"href":"https:\/\/vinasfm.com\/noticias\/wp-json\/wp\/v2\/posts\/124167","targetHints":{"allow":["GET"]}}],"collection":[{"href":"https:\/\/vinasfm.com\/noticias\/wp-json\/wp\/v2\/posts"}],"about":[{"href":"https:\/\/vinasfm.com\/noticias\/wp-json\/wp\/v2\/types\/post"}],"author":[{"embeddable":true,"href":"https:\/\/vinasfm.com\/noticias\/wp-json\/wp\/v2\/users\/7"}],"replies":[{"embeddable":true,"href":"https:\/\/vinasfm.com\/noticias\/wp-json\/wp\/v2\/comments?post=124167"}],"version-history":[{"count":2,"href":"https:\/\/vinasfm.com\/noticias\/wp-json\/wp\/v2\/posts\/124167\/revisions"}],"predecessor-version":[{"id":124187,"href":"https:\/\/vinasfm.com\/noticias\/wp-json\/wp\/v2\/posts\/124167\/revisions\/124187"}],"wp:featuredmedia":[{"embeddable":true,"href":"https:\/\/vinasfm.com\/noticias\/wp-json\/wp\/v2\/media\/124168"}],"wp:attachment":[{"href":"https:\/\/vinasfm.com\/noticias\/wp-json\/wp\/v2\/media?parent=124167"}],"wp:term":[{"taxonomy":"category","embeddable":true,"href":"https:\/\/vinasfm.com\/noticias\/wp-json\/wp\/v2\/categories?post=124167"},{"taxonomy":"post_tag","embeddable":true,"href":"https:\/\/vinasfm.com\/noticias\/wp-json\/wp\/v2\/tags?post=124167"}],"curies":[{"name":"wp","href":"https:\/\/api.w.org\/{rel}","templated":true}]}}