{"id":124159,"date":"2023-07-05T16:47:18","date_gmt":"2023-07-05T19:47:18","guid":{"rendered":"https:\/\/vinasfm.com\/noticias\/?p=124159"},"modified":"2023-07-05T16:47:18","modified_gmt":"2023-07-05T19:47:18","slug":"siguiendo-huellas-sembrando-pasiones-alumnas-de-la-escuela-de-agricultura-presentaron-la-58-edicion-de-las-olimpiadas-deportivas-en-el-hcd","status":"publish","type":"post","link":"https:\/\/vinasfm.com\/noticias\/siguiendo-huellas-sembrando-pasiones-alumnas-de-la-escuela-de-agricultura-presentaron-la-58-edicion-de-las-olimpiadas-deportivas-en-el-hcd\/","title":{"rendered":"\u00abSIGUIENDO HUELLAS, SEMBRANDO PASIONES\u00bb: ALUMNAS DE LA ESCUELA DE AGRICULTURA PRESENTARON LA 58\u00b0 EDICI\u00d3N DE LAS OLIMPIADAS DEPORTIVAS EN EL HCD"},"content":{"rendered":"<p><strong>Acompa\u00f1adas por la coordinadora Claudia Oller, y por la asesora Naira Troyas, las alumnas de 5\u00b0 a\u00f1o de la Escuela de Agricultura Karen G\u00fcerini, Morena Williams y Danisa Rojas presentaron ante los ediles del Concejo Deliberante de General Alvear la 58\u00b0 Edici\u00f3n de las Olimp\u00edadas Deportivas.<\/strong><\/p>\n<p>Estos tradicionales juegos deportivos, que se desarrollar\u00e1n del 15 al 20 de agosto, tendr\u00e1n las modalidades virtuales y presenciales en las diferentes disciplinas.<\/p>\n<p>Siempre con el objetivo de lograr la vinculaci\u00f3n con otras instituciones a trav\u00e9s de actividades en un ambiente formativo, social, colaborativo y cultural, este a\u00f1o contar\u00e1n con la entrega de trofeos reciclados.<\/p>\n<p><a href=\"https:\/\/vinasfm.com\/noticias\/wp-content\/uploads\/2023\/07\/WhatsApp-Image-2023-07-05-at-12.34.42.jpeg\"><img loading=\"lazy\" decoding=\"async\" class=\"wp-image-124161 aligncenter\" src=\"https:\/\/vinasfm.com\/noticias\/wp-content\/uploads\/2023\/07\/WhatsApp-Image-2023-07-05-at-12.34.42.jpeg\" alt=\"\" width=\"600\" height=\"192\" srcset=\"https:\/\/vinasfm.com\/noticias\/wp-content\/uploads\/2023\/07\/WhatsApp-Image-2023-07-05-at-12.34.42.jpeg 1024w, https:\/\/vinasfm.com\/noticias\/wp-content\/uploads\/2023\/07\/WhatsApp-Image-2023-07-05-at-12.34.42-300x96.jpeg 300w, https:\/\/vinasfm.com\/noticias\/wp-content\/uploads\/2023\/07\/WhatsApp-Image-2023-07-05-at-12.34.42-768x245.jpeg 768w\" sizes=\"auto, (max-width: 600px) 100vw, 600px\" \/><\/a><\/p>\n<p>Considerado hist\u00f3ricamente como un espacio de innovaci\u00f3n e integraci\u00f3n para j\u00f3venes de nuestro departamento y de otras latitudes esta edici\u00f3n tambi\u00e9n contar\u00e1 con la presencia de deportistas locales, de la provincia de Mendoza, Jujuy, La Rioja, C\u00f3rdoba, Buenos Aires y tambi\u00e9n de otros pa\u00edses como Uruguay y Chile.<\/p>\n<p>Para informes y poder colaborar con la instituci\u00f3n llamar a los tel\u00e9fonos <span style=\"color: #ff0000;\"><strong>2625-423356\/ 2625-447829<\/strong><\/span> o a las redes de <strong><span style=\"color: #ff0000;\">olimpiadas.ea<\/span><\/strong><\/p>\n","protected":false},"excerpt":{"rendered":"<p>Acompa\u00f1adas por la coordinadora Claudia Oller, y por la asesora Naira Troyas, las alumnas de 5\u00b0 a\u00f1o de la Escuela de &#8230;<\/p>\n","protected":false},"author":7,"featured_media":124160,"comment_status":"open","ping_status":"open","sticky":false,"template":"","format":"standard","meta":{"footnotes":""},"categories":[1],"tags":[],"class_list":["post-124159","post","type-post","status-publish","format-standard","has-post-thumbnail","hentry","category-fmvinas"],"_links":{"self":[{"href":"https:\/\/vinasfm.com\/noticias\/wp-json\/wp\/v2\/posts\/124159","targetHints":{"allow":["GET"]}}],"collection":[{"href":"https:\/\/vinasfm.com\/noticias\/wp-json\/wp\/v2\/posts"}],"about":[{"href":"https:\/\/vinasfm.com\/noticias\/wp-json\/wp\/v2\/types\/post"}],"author":[{"embeddable":true,"href":"https:\/\/vinasfm.com\/noticias\/wp-json\/wp\/v2\/users\/7"}],"replies":[{"embeddable":true,"href":"https:\/\/vinasfm.com\/noticias\/wp-json\/wp\/v2\/comments?post=124159"}],"version-history":[{"count":1,"href":"https:\/\/vinasfm.com\/noticias\/wp-json\/wp\/v2\/posts\/124159\/revisions"}],"predecessor-version":[{"id":124162,"href":"https:\/\/vinasfm.com\/noticias\/wp-json\/wp\/v2\/posts\/124159\/revisions\/124162"}],"wp:featuredmedia":[{"embeddable":true,"href":"https:\/\/vinasfm.com\/noticias\/wp-json\/wp\/v2\/media\/124160"}],"wp:attachment":[{"href":"https:\/\/vinasfm.com\/noticias\/wp-json\/wp\/v2\/media?parent=124159"}],"wp:term":[{"taxonomy":"category","embeddable":true,"href":"https:\/\/vinasfm.com\/noticias\/wp-json\/wp\/v2\/categories?post=124159"},{"taxonomy":"post_tag","embeddable":true,"href":"https:\/\/vinasfm.com\/noticias\/wp-json\/wp\/v2\/tags?post=124159"}],"curies":[{"name":"wp","href":"https:\/\/api.w.org\/{rel}","templated":true}]}}