{"id":124155,"date":"2023-07-05T12:02:19","date_gmt":"2023-07-05T15:02:19","guid":{"rendered":"https:\/\/vinasfm.com\/noticias\/?p=124155"},"modified":"2023-07-06T09:43:45","modified_gmt":"2023-07-06T12:43:45","slug":"fruticultura-mendoza-incorpora-2-500-hectareas-con-olivo-durazno-frutos-secos-cereza-y-ciruela","status":"publish","type":"post","link":"https:\/\/vinasfm.com\/noticias\/fruticultura-mendoza-incorpora-2-500-hectareas-con-olivo-durazno-frutos-secos-cereza-y-ciruela\/","title":{"rendered":"FRUTICULTURA: MENDOZA INCORPORA 2.500 HECT\u00c1REAS CON OLIVO, DURAZNO, FRUTOS SECOS, CEREZA Y CIRUELA"},"content":{"rendered":"<p><strong>El dato se desprende de un informe elaborado por el Instituto de Desarrollo Rural. La producci\u00f3n frut\u00edcola provincial se vio impulsada, en parte, gracias al aporte del programa de fomento a la inversi\u00f3n privada Mendoza Activa \u00a0<\/strong><\/p>\n<p>El Ministerio de Econom\u00eda y Energ\u00eda, a trav\u00e9s del Instituto de Desarrollo Rural (IDR), elabor\u00f3 un nuevo informe, esta vez sobre la actualidad de la actividad frut\u00edcola provincial. Seg\u00fan detalla el documento, en el \u00faltimo a\u00f1o, Mendoza ha sumado 2.500 hect\u00e1reas cultivadas con olivo, durazno, frutos secos y ciruela.<\/p>\n<p><em><strong>\u201cSe trata de proyectos de envergadura que se han puesto en marcha recientemente, que ya estaban en funcionamiento u otros que en breve se inician. En este punto, ha jugado un rol muy importante el programa Mendoza Activa, que ayud\u00f3 a que el sector privado se animara a invertir\u201d<\/strong><\/em>, destac\u00f3 Alfredo Baroni, director ejecutivo del IDR.<\/p>\n<p>En este sentido, el funcionario a\u00f1adi\u00f3: <em><strong>\u201cLa mayor cantidad de hect\u00e1reas cultivadas y a implantar corresponden al sector oliv\u00edcola. A trav\u00e9s de la inversi\u00f3n de distintas firmas, se han impulsado proyectos por un total de 1.027 hect\u00e1reas, a desarrollarse en los departamentos de Las Heras, Lavalle y San Rafael\u201d. \u00a0<\/strong><\/em><\/p>\n<p>Otro de los productos mendocinos que ver\u00e1 ampliada su producci\u00f3n para la pr\u00f3xima temporada es el durazno industria. Seg\u00fan detalla el informe, esta actividad ha visto incrementada su superficie implantada gracias al impulso de proyectos en el Valle de Uco, San Rafael, Lavalle y Jun\u00edn, por un total de 457,62 hect\u00e1reas.<\/p>\n<p>La producci\u00f3n de frutos secos es otro de los sectores que ha impulsado proyectos de importancia para ampliar su superficie cultivada. Solo en almendros, se han impulsado inversiones para sumar 450,8 hect\u00e1reas en los departamentos de Las Heras y Luj\u00e1n, mientras que el pistacho aporta otras 280,99 hect\u00e1reas tambi\u00e9n en este \u00faltimo departamento.<\/p>\n<p>Al cierre, el informe detalla que la producci\u00f3n de ciruela industria aporta un total de 128,95 hect\u00e1reas, la implantaci\u00f3n de nogales sum\u00f3 lo propio, con 127,99 hect\u00e1reas, y la de cerezos 6 hect\u00e1reas m\u00e1s.<\/p>\n<p><em><strong>\u201cEn total estamos hablando de un total de 2.479,35 nuevas hect\u00e1reas cultivadas con frutales. Esto muestra a las claras el inter\u00e9s que hay en el sector de seguir aportando para el desarrollo y crecimiento de la actividad en la provincia\u201d<\/strong><\/em>, remarc\u00f3 Baroni.<\/p>\n<p>Sobre este \u00faltimo punto, el funcionario se\u00f1al\u00f3:<strong><em> \u201cEs all\u00ed donde Mendoza acompa\u00f1\u00f3 con iniciativas de fomento, como lo es en el caso de Mendoza Activa, que reintegr\u00f3 el 40% de lo invertido, o bien las distintas l\u00edneas de financiamiento que se impulsaron desde la Provincia, como lo es en el caso del Fondo para la Transformaci\u00f3n y el Crecimiento\u201d. \u00a0<\/em><\/strong><\/p>\n","protected":false},"excerpt":{"rendered":"<p>El dato se desprende de un informe elaborado por el Instituto de Desarrollo Rural. La producci\u00f3n frut\u00edcola provincial se vio impulsada, &#8230;<\/p>\n","protected":false},"author":7,"featured_media":124157,"comment_status":"open","ping_status":"open","sticky":false,"template":"","format":"standard","meta":{"footnotes":""},"categories":[5,14],"tags":[],"class_list":["post-124155","post","type-post","status-publish","format-standard","has-post-thumbnail","hentry","category-actualidad","category-agro"],"_links":{"self":[{"href":"https:\/\/vinasfm.com\/noticias\/wp-json\/wp\/v2\/posts\/124155","targetHints":{"allow":["GET"]}}],"collection":[{"href":"https:\/\/vinasfm.com\/noticias\/wp-json\/wp\/v2\/posts"}],"about":[{"href":"https:\/\/vinasfm.com\/noticias\/wp-json\/wp\/v2\/types\/post"}],"author":[{"embeddable":true,"href":"https:\/\/vinasfm.com\/noticias\/wp-json\/wp\/v2\/users\/7"}],"replies":[{"embeddable":true,"href":"https:\/\/vinasfm.com\/noticias\/wp-json\/wp\/v2\/comments?post=124155"}],"version-history":[{"count":1,"href":"https:\/\/vinasfm.com\/noticias\/wp-json\/wp\/v2\/posts\/124155\/revisions"}],"predecessor-version":[{"id":124158,"href":"https:\/\/vinasfm.com\/noticias\/wp-json\/wp\/v2\/posts\/124155\/revisions\/124158"}],"wp:featuredmedia":[{"embeddable":true,"href":"https:\/\/vinasfm.com\/noticias\/wp-json\/wp\/v2\/media\/124157"}],"wp:attachment":[{"href":"https:\/\/vinasfm.com\/noticias\/wp-json\/wp\/v2\/media?parent=124155"}],"wp:term":[{"taxonomy":"category","embeddable":true,"href":"https:\/\/vinasfm.com\/noticias\/wp-json\/wp\/v2\/categories?post=124155"},{"taxonomy":"post_tag","embeddable":true,"href":"https:\/\/vinasfm.com\/noticias\/wp-json\/wp\/v2\/tags?post=124155"}],"curies":[{"name":"wp","href":"https:\/\/api.w.org\/{rel}","templated":true}]}}