{"id":124087,"date":"2023-07-04T08:56:11","date_gmt":"2023-07-04T11:56:11","guid":{"rendered":"https:\/\/vinasfm.com\/noticias\/?p=124087"},"modified":"2023-07-05T08:59:58","modified_gmt":"2023-07-05T11:59:58","slug":"damian-carbo-definio-como-positivo-el-tercer-foro-de-actualizacion-del-plan-de-mejora-competitivo-ganadero-de-mendoza","status":"publish","type":"post","link":"https:\/\/vinasfm.com\/noticias\/damian-carbo-definio-como-positivo-el-tercer-foro-de-actualizacion-del-plan-de-mejora-competitivo-ganadero-de-mendoza\/","title":{"rendered":"DAMI\u00c1N CARB\u00d3 DEFINI\u00d3 COMO POSITIVO EL TERCER FORO DE ACTUALIZACI\u00d3N DEL PLAN DE MEJORA COMPETITIVO GANADERO DE MENDOZA"},"content":{"rendered":"<p><strong>Con el objetivo de seguir potenciando la actividad en la provincia, m\u00e1s de 150 referentes vinculados al sector asistieron al encuentro coordinado por el Cluster Ganadero Mendoza. Autoridades provinciales destacaron el desarrollo y crecimiento de la producci\u00f3n en los \u00faltimos a\u00f1os.<\/strong><\/p>\n<p><strong><em>\u00a0\u201cRealmente el balance es m\u00e1s que positivo, este tercer \u00a0foro era muy importante porque ya est\u00e1bamos en las instancias de definir prioridades en cuanto a las propuestas que surgieron en el segundo foro\u201d,<\/em><\/strong> expres\u00f3 el Director de Ganader\u00eda Provincial,<span style=\"color: #800080;\"><strong> Dami\u00e1n Carb\u00f3.<\/strong><\/span><\/p>\n<p>La gran concurrencia marca la necesidad de trabajar en las pol\u00edticas de desarrollo del sector productor de la provincia. <strong><em>\u201cEl productor ve cada vez m\u00e1s importante su participaci\u00f3n, hemos tratado de ir acercando el foro a todos los sectores de mayor producci\u00f3n de la provincia\u201d,<\/em><\/strong> se\u00f1al\u00f3. Los dos primeros foros se realizaron en San Carlos y San Rafael, el cuarto se realizar\u00e1 en La Paz.<\/p>\n<p><img loading=\"lazy\" decoding=\"async\" class=\"aligncenter\" src=\"https:\/\/www.mendoza.gov.ar\/wp-content\/uploads\/sites\/5\/2023\/06\/641b9602-6998-4b80-939f-315b03b54b7d-700x467.jpg\" width=\"501\" height=\"334\" \/><\/p>\n<p>Durante el foro se pudo conocer los avances en las obras propuestas, algunas ya concretadas. <strong><em>\u201cYa tenemos un acueducto funcionando, uno en obras y otro abri\u00e9ndose a licitaciones. Son obras producto del Plan de Mejora y que marcan una diferencia en la matriz productiva\u201d,<\/em><\/strong> afirm\u00f3 Carb\u00f3.<\/p>\n<p>Durante el foro, Sergio Moralejo habl\u00f3 de un aumento en la cantidad de cabezas en relaci\u00f3n a lo logrado, <strong><em>\u201csi bien estamos con tres ciclos de sequ\u00eda que nos ha da\u00f1ado, el trabajo posibilit\u00f3 el crecimiento del sector que hoy cuenta con m\u00e1s de 400 mil cabezas\u201d,<\/em><\/strong> coincidi\u00f3.<\/p>\n<p><img loading=\"lazy\" decoding=\"async\" class=\"\" src=\"https:\/\/www.mendoza.gov.ar\/wp-content\/uploads\/sites\/5\/2023\/06\/b6560c58-7f34-486c-9ea3-f792d8c22d26-700x467.jpg\" width=\"351\" height=\"234\" \/> <img loading=\"lazy\" decoding=\"async\" class=\"\" src=\"https:\/\/www.mendoza.gov.ar\/wp-content\/uploads\/sites\/5\/2023\/06\/41374701-bc45-4c50-a4e9-572d88f9c556-700x467.jpg\" width=\"351\" height=\"235\" \/><\/p>\n<p>Por \u00faltimo, el Director de Ganader\u00eda Provincial, destac\u00f3 que durante su gesti\u00f3n se ha logrado trabajar en conjunto al Cluster Ganadero, <strong><em>\u201csi juntamos la fuerza de todos los sectores podemos lograr cosas muy importantes\u201d.<\/em><\/strong><\/p>\n<p>En el Tercer Foro de Actualizaci\u00f3n del Plan de Mejora Competitivo Ganadero de Mendoza se realizaron seis mesas de trabajo, que trataron tem\u00e1ticas vinculadas a infraestructura colectiva, desarrollo productivo, capacitaci\u00f3n, asistencia y transferencia, sostenibilidad ambiental y social, informaci\u00f3n, investigaci\u00f3n y desarrollo y financiamiento.<\/p>\n<h6>Vallejos, G.<\/h6>\n","protected":false},"excerpt":{"rendered":"<p>Con el objetivo de seguir potenciando la actividad en la provincia, m\u00e1s de 150 referentes vinculados al sector asistieron al encuentro &#8230;<\/p>\n","protected":false},"author":7,"featured_media":124088,"comment_status":"open","ping_status":"open","sticky":false,"template":"","format":"standard","meta":{"footnotes":""},"categories":[5,24],"tags":[],"class_list":["post-124087","post","type-post","status-publish","format-standard","has-post-thumbnail","hentry","category-actualidad","category-ganaderia"],"_links":{"self":[{"href":"https:\/\/vinasfm.com\/noticias\/wp-json\/wp\/v2\/posts\/124087","targetHints":{"allow":["GET"]}}],"collection":[{"href":"https:\/\/vinasfm.com\/noticias\/wp-json\/wp\/v2\/posts"}],"about":[{"href":"https:\/\/vinasfm.com\/noticias\/wp-json\/wp\/v2\/types\/post"}],"author":[{"embeddable":true,"href":"https:\/\/vinasfm.com\/noticias\/wp-json\/wp\/v2\/users\/7"}],"replies":[{"embeddable":true,"href":"https:\/\/vinasfm.com\/noticias\/wp-json\/wp\/v2\/comments?post=124087"}],"version-history":[{"count":1,"href":"https:\/\/vinasfm.com\/noticias\/wp-json\/wp\/v2\/posts\/124087\/revisions"}],"predecessor-version":[{"id":124089,"href":"https:\/\/vinasfm.com\/noticias\/wp-json\/wp\/v2\/posts\/124087\/revisions\/124089"}],"wp:featuredmedia":[{"embeddable":true,"href":"https:\/\/vinasfm.com\/noticias\/wp-json\/wp\/v2\/media\/124088"}],"wp:attachment":[{"href":"https:\/\/vinasfm.com\/noticias\/wp-json\/wp\/v2\/media?parent=124087"}],"wp:term":[{"taxonomy":"category","embeddable":true,"href":"https:\/\/vinasfm.com\/noticias\/wp-json\/wp\/v2\/categories?post=124087"},{"taxonomy":"post_tag","embeddable":true,"href":"https:\/\/vinasfm.com\/noticias\/wp-json\/wp\/v2\/tags?post=124087"}],"curies":[{"name":"wp","href":"https:\/\/api.w.org\/{rel}","templated":true}]}}