{"id":124073,"date":"2023-07-03T20:25:19","date_gmt":"2023-07-03T23:25:19","guid":{"rendered":"https:\/\/vinasfm.com\/noticias\/?p=124073"},"modified":"2023-07-05T16:58:13","modified_gmt":"2023-07-05T19:58:13","slug":"preocupa-la-circulacion-de-carga-pesada-en-las-calles-g-y-7","status":"publish","type":"post","link":"https:\/\/vinasfm.com\/noticias\/preocupa-la-circulacion-de-carga-pesada-en-las-calles-g-y-7\/","title":{"rendered":"PREOCUPA LA CIRCULACI\u00d3N DE CARGA PESADA EN LAS CALLES G Y 7\u00a0"},"content":{"rendered":"<p><strong>El Coordinador del Consejo Departamental de Seguridad, V\u00edctor Ureta, se refiri\u00f3 a las quejas por la circulaci\u00f3n de camiones en esta zona.<\/strong><\/p>\n<p>Seg\u00fan se entiende, la zona que comprende las calles G y 7 ser\u00e1 el nuevo desv\u00edo de camiones, es por eso el notable aumento del transito pesado a causa del cierre en los pasos internacionales. Ureta, quien lleg\u00f3 al lugar para analizar la situaci\u00f3n, explic\u00f3 que <em><strong>\u00abhay muchos reclamos por parte de los vecinos y tambi\u00e9n de docentes de la Escuela Luis Ponce, espec\u00edficamente por el riego que hay durante el horario de ingreso y egreso a la instituci\u00f3n\u00bb.\u00a0<\/strong><\/em><\/p>\n<p><em><strong>\u00abNi bien tom\u00e9 conocimiento me dediqu\u00e9 a realizar distintas notas dedicadas al Jefe de la Polic\u00eda Departamental y al Director de la Polic\u00eda Vial Municipal en donde solicit\u00e9 la presencia de personal policial y controles en esta zona\u00bb<\/strong> <\/em>indic\u00f3 V\u00edctor Ureta. En las mencionadas notas tambi\u00e9n incluy\u00f3 un pedido de control sobre la presencia de transito pesado en el Km 0,sobre todo en horario nocturno.<\/p>\n<p><a href=\"https:\/\/vinasfm.com\/noticias\/wp-content\/uploads\/2023\/07\/0400b25d-420a-44c6-9225-44d71a037132.jpg\"><img loading=\"lazy\" decoding=\"async\" class=\"wp-image-124074 aligncenter\" src=\"https:\/\/vinasfm.com\/noticias\/wp-content\/uploads\/2023\/07\/0400b25d-420a-44c6-9225-44d71a037132.jpg\" alt=\"\" width=\"500\" height=\"225\" srcset=\"https:\/\/vinasfm.com\/noticias\/wp-content\/uploads\/2023\/07\/0400b25d-420a-44c6-9225-44d71a037132.jpg 1600w, https:\/\/vinasfm.com\/noticias\/wp-content\/uploads\/2023\/07\/0400b25d-420a-44c6-9225-44d71a037132-300x135.jpg 300w, https:\/\/vinasfm.com\/noticias\/wp-content\/uploads\/2023\/07\/0400b25d-420a-44c6-9225-44d71a037132-1024x461.jpg 1024w, https:\/\/vinasfm.com\/noticias\/wp-content\/uploads\/2023\/07\/0400b25d-420a-44c6-9225-44d71a037132-768x346.jpg 768w, https:\/\/vinasfm.com\/noticias\/wp-content\/uploads\/2023\/07\/0400b25d-420a-44c6-9225-44d71a037132-1536x691.jpg 1536w\" sizes=\"auto, (max-width: 500px) 100vw, 500px\" \/><\/a><\/p>\n<h6 style=\"text-align: center;\">Circulaci\u00f3n de camiones en Calle 7<\/h6>\n<p>El Consejero de Vialidad Provincial, V\u00edctor \u00c1lvarez tambi\u00e9n fue el destinatario de una nota en donde se informaba sobre problemas en la intersecci\u00f3n de las calles G y 7. <em><strong>\u00abEl problema se presenta cuando los camiones tienen que hacer el giro, el radio no da y obviamente se cruzan de carril ocupando la calzada en su totalidad\u00bb<\/strong><\/em>, se\u00f1al\u00f3 Ureta y agreg\u00f3 <em><strong>\u00absolicit\u00e9 que podamos encontrar una soluci\u00f3n r\u00e1pida porque es necesario ampliar el radio para evitar cualquier tipo de siniestro vial\u00bb.<\/strong><\/em><\/p>\n<p>Si bien, seg\u00fan respondi\u00f3 el Jefe de la Polic\u00eda Departamental, personal policial ya se est\u00e1 encargando de resguardar la seguridad en la zona, la circulaci\u00f3n de camiones en el lugar es un potencial por la alta circulaci\u00f3n de veh\u00edculos, peatones y ciclistas sobre todo en el horario escolar.<\/p>\n<p>Por \u00faltimo, el Coordinador del Consejo Departamental de Seguridad, manifest\u00f3 que le solicit\u00f3 al Director de Servicios P\u00fablicos (Bruno Gil) que se acuda al lugar para mantener la limpieza de banquinas y reacondicionar la luminaria.<\/p>\n<h6>Vallejos, G.<\/h6>\n","protected":false},"excerpt":{"rendered":"<p>El Coordinador del Consejo Departamental de Seguridad, V\u00edctor Ureta, se refiri\u00f3 a las quejas por la circulaci\u00f3n de camiones en esta &#8230;<\/p>\n","protected":false},"author":7,"featured_media":124074,"comment_status":"open","ping_status":"open","sticky":false,"template":"","format":"standard","meta":{"footnotes":""},"categories":[5,56],"tags":[],"class_list":["post-124073","post","type-post","status-publish","format-standard","has-post-thumbnail","hentry","category-actualidad","category-seguridad-vial"],"_links":{"self":[{"href":"https:\/\/vinasfm.com\/noticias\/wp-json\/wp\/v2\/posts\/124073","targetHints":{"allow":["GET"]}}],"collection":[{"href":"https:\/\/vinasfm.com\/noticias\/wp-json\/wp\/v2\/posts"}],"about":[{"href":"https:\/\/vinasfm.com\/noticias\/wp-json\/wp\/v2\/types\/post"}],"author":[{"embeddable":true,"href":"https:\/\/vinasfm.com\/noticias\/wp-json\/wp\/v2\/users\/7"}],"replies":[{"embeddable":true,"href":"https:\/\/vinasfm.com\/noticias\/wp-json\/wp\/v2\/comments?post=124073"}],"version-history":[{"count":1,"href":"https:\/\/vinasfm.com\/noticias\/wp-json\/wp\/v2\/posts\/124073\/revisions"}],"predecessor-version":[{"id":124075,"href":"https:\/\/vinasfm.com\/noticias\/wp-json\/wp\/v2\/posts\/124073\/revisions\/124075"}],"wp:featuredmedia":[{"embeddable":true,"href":"https:\/\/vinasfm.com\/noticias\/wp-json\/wp\/v2\/media\/124074"}],"wp:attachment":[{"href":"https:\/\/vinasfm.com\/noticias\/wp-json\/wp\/v2\/media?parent=124073"}],"wp:term":[{"taxonomy":"category","embeddable":true,"href":"https:\/\/vinasfm.com\/noticias\/wp-json\/wp\/v2\/categories?post=124073"},{"taxonomy":"post_tag","embeddable":true,"href":"https:\/\/vinasfm.com\/noticias\/wp-json\/wp\/v2\/tags?post=124073"}],"curies":[{"name":"wp","href":"https:\/\/api.w.org\/{rel}","templated":true}]}}