{"id":124067,"date":"2023-07-03T08:07:03","date_gmt":"2023-07-03T11:07:03","guid":{"rendered":"https:\/\/vinasfm.com\/noticias\/?p=124067"},"modified":"2023-07-04T08:22:02","modified_gmt":"2023-07-04T11:22:02","slug":"victor-alvarez-dio-detalles-de-los-trabajos-que-realiza-vialidad-en-el-sur-provincial","status":"publish","type":"post","link":"https:\/\/vinasfm.com\/noticias\/victor-alvarez-dio-detalles-de-los-trabajos-que-realiza-vialidad-en-el-sur-provincial\/","title":{"rendered":"V\u00cdCTOR \u00c1LVAREZ DIO DETALLES DE LOS TRABAJOS QUE REALIZA VIALIDAD EN EL SUR PROVINCIAL"},"content":{"rendered":"<p><strong>Las condiciones climatol\u00f3gicas est\u00e1n afectando fuertemente al pa\u00eds. Si bien Mendoza atraviesa una grave sequ\u00eda, los temporales han afectado fuertemente los caminos mendocinos. <\/strong><\/p>\n<p>Hace dos semanas se debi\u00f3 suspender el paso a Chile por el Paso Pehuenche ya que el fuerte temporal afect\u00f3 severamente la Ruta Nacional 145 con da\u00f1os que dejaron intransitable la v\u00eda. Hace algunos d\u00edas el Consejero por la Zona Sur de la Direcci\u00f3n Provincial de Vialidad, V\u00edctor \u00c1lvarez lleg\u00f3 al paso con el objetivo de inspeccionar la situaci\u00f3n<em>,<\/em> <strong><em>\u201cla ruta se puede transitar por una v\u00eda pero no se puede habilitar la ruta en estas condiciones. Hemos visto que ser\u00e1 necesario trabajar para reparar lo da\u00f1ado porque no se puede romper la monta\u00f1a\u201d<\/em><\/strong><strong>. <\/strong><\/p>\n<p><strong>Adem\u00e1s, \u00c1lvarez indic\u00f3 que <\/strong><strong><em>\u201cse est\u00e1 trabajando en el alambrado de El Manzano, en la Ruta 266 llegar\u00e1n m\u00e1s equipos para poder seguir trabajando\u201d <\/em><\/strong>y explic\u00f3 que es muy dif\u00edcil trabajar sobre todo con las precipitaciones invernales,<strong><em>\u201c<\/em><\/strong><strong><em>nosotros estamos muy alertas con el tema del pron\u00f3stico, el camino ya tiene muchas piedras pero si llega a caer una nevada ser\u00e1 imposible trabajar\u201d.<\/em><\/strong><\/p>\n<h2>Caminos Ganaderas<\/h2>\n<p>En cuanto al trabajo en rutas ganaderas, V\u00edctor \u00c1lvarez indic\u00f3; <strong><em>\u201cen este momento estamos trabajando en Ruta 151 en donde ya hemos terminado de desparramar el material\u201d.<\/em><\/strong> Adem\u00e1s anunci\u00f3 que esta semana se retirar\u00eda parte del equipo debido a una emergencia muy importante en la Ruta 190, espec\u00edficamente en el trayecto entre Punta del Agua y Agua Escondida; <strong><em>\u201ctenemos el compromiso con los ganaderos de la zona, vamos a trasladar cargadora, no es un trayecto largo pero vamos a hacer un aporte muy importante\u201d.<\/em><\/strong><\/p>\n<p>Otra de las rutas que recibe reclamos es la Ruta 152, <strong><em>\u201cesta semana estar\u00e1 trabajando una topadora para hacer un mejoramiento importante\u201d,<\/em><\/strong> adelant\u00f3. Por \u00faltimo, el Consejero por la Zona Sur de la Direcci\u00f3n Provincial de Vialidad, explic\u00f3 que <strong><em>\u201cse trabaja siempre en mejorar los caminos ganaderos, pero nos vemos un poco limitados con la maquinaria\u201d.<\/em><\/strong><\/p>\n","protected":false},"excerpt":{"rendered":"<p>Las condiciones climatol\u00f3gicas est\u00e1n afectando fuertemente al pa\u00eds. Si bien Mendoza atraviesa una grave sequ\u00eda, los temporales han afectado fuertemente los &#8230;<\/p>\n","protected":false},"author":7,"featured_media":61076,"comment_status":"open","ping_status":"open","sticky":false,"template":"","format":"standard","meta":{"footnotes":""},"categories":[5,79],"tags":[],"class_list":["post-124067","post","type-post","status-publish","format-standard","has-post-thumbnail","hentry","category-actualidad","category-vialidad"],"_links":{"self":[{"href":"https:\/\/vinasfm.com\/noticias\/wp-json\/wp\/v2\/posts\/124067","targetHints":{"allow":["GET"]}}],"collection":[{"href":"https:\/\/vinasfm.com\/noticias\/wp-json\/wp\/v2\/posts"}],"about":[{"href":"https:\/\/vinasfm.com\/noticias\/wp-json\/wp\/v2\/types\/post"}],"author":[{"embeddable":true,"href":"https:\/\/vinasfm.com\/noticias\/wp-json\/wp\/v2\/users\/7"}],"replies":[{"embeddable":true,"href":"https:\/\/vinasfm.com\/noticias\/wp-json\/wp\/v2\/comments?post=124067"}],"version-history":[{"count":2,"href":"https:\/\/vinasfm.com\/noticias\/wp-json\/wp\/v2\/posts\/124067\/revisions"}],"predecessor-version":[{"id":124081,"href":"https:\/\/vinasfm.com\/noticias\/wp-json\/wp\/v2\/posts\/124067\/revisions\/124081"}],"wp:featuredmedia":[{"embeddable":true,"href":"https:\/\/vinasfm.com\/noticias\/wp-json\/wp\/v2\/media\/61076"}],"wp:attachment":[{"href":"https:\/\/vinasfm.com\/noticias\/wp-json\/wp\/v2\/media?parent=124067"}],"wp:term":[{"taxonomy":"category","embeddable":true,"href":"https:\/\/vinasfm.com\/noticias\/wp-json\/wp\/v2\/categories?post=124067"},{"taxonomy":"post_tag","embeddable":true,"href":"https:\/\/vinasfm.com\/noticias\/wp-json\/wp\/v2\/tags?post=124067"}],"curies":[{"name":"wp","href":"https:\/\/api.w.org\/{rel}","templated":true}]}}