{"id":124060,"date":"2023-07-03T10:46:18","date_gmt":"2023-07-03T13:46:18","guid":{"rendered":"https:\/\/vinasfm.com\/noticias\/?p=124060"},"modified":"2023-07-04T09:38:59","modified_gmt":"2023-07-04T12:38:59","slug":"nota-de-opinion-omar-parisi-que-pasa-con-la-salud-en-mendoza-y-que-deberiamos-hacer","status":"publish","type":"post","link":"https:\/\/vinasfm.com\/noticias\/nota-de-opinion-omar-parisi-que-pasa-con-la-salud-en-mendoza-y-que-deberiamos-hacer\/","title":{"rendered":"NOTA DE OPINI\u00d3N, OMAR PARISI; QU\u00c9 PASA CON LA SALUD EN MENDOZA Y QU\u00c9 DEBER\u00cdAMOS HACER"},"content":{"rendered":"<p><strong>Atenci\u00f3n de 200 pacientes por d\u00eda, a raz\u00f3n de 8 personas por hora, salarios magros, jornadas interminables. Gira por varias guardias, hasta que, luego de seis horas de espera, padres logran que atiendan a su hijo, con fiebre y cuadro respiratorio grave.<\/strong><\/p>\n<p>Dos caras de una misma moneda que reflejan la realidad de un sistema de salud colapsado.<br \/>\nY s\u00ed, es el t\u00e9rmino correcto. Un comunicado reciente de profesionales inform\u00f3 que <em><strong>\u201cest\u00e1n agotados, ya que a la falta de tiempo de descanso se suma el hecho de que no hay m\u00e9dicos para cubrir internaciones, por lo cual realizan jornadas hasta las 13 horas y luego, se hacen cargo de la internaci\u00f3n\u201d.<\/strong><\/em><\/p>\n<p>Durante la campa\u00f1a, varios profesionales de la salud nos acercaron sus opiniones y preocupaciones. Comparto el an\u00e1lisis de uno de ellos, preservando su identidad: <em><strong>\u201cUno de los problemas graves es la falta de profesionales en todas las \u00e1reas, lo que recarga las guardias, se han perdido las plantas permanentes y se fueron reemplazando por contratos de usura, por debajo de la l\u00ednea de pobreza. Esto de reducir el<\/strong><\/em> <strong>\u00abgasto p\u00fablico\u00bb <em>que ya lleva dos gestiones, ha provocado la grave crisis sanitaria que estamos enfrentando. Es muy triste ver c\u00f3mo nuestro sueldo se va degradando cada d\u00eda, lo que me lleva en mi caso a tener dos y a veces tres trabajos para llegar a fin de mes\u201d.<\/em><\/strong><\/p>\n<p><strong><em>\u201cEs frustrante, en la pandemia \u00e9ramos h\u00e9roes, y ahora somos descartables, esto en cuanto a la visi\u00f3n del gobierno provincial, porque la poblaci\u00f3n hace reconocimiento con apoyo nuestros reclamos, pero estamos invisibilizados\u201d<\/em><\/strong> me dijo una enfermera en una recorrida.<\/p>\n<p>Otros nos comentaron que ni siquiera se ha dado curso a algunas de las \u00faltimas mejoras que se firmaron en las recientes paritarias con el gobierno provincial. Estamos hablando de quienes sostienen el sistema que debe cuidar a los mendocinos.<\/p>\n<h2>Qu\u00e9 vamos a hacer<\/h2>\n<p>En principio, abordar la situaci\u00f3n de manera integral. Jerarquizar profesionalmente al personal de salud con sueldos dignos y que permitan mejorar condiciones laborales, y no los dejen a la puerta de buscar trabajo en otras provincias.<\/p>\n<p>Hay que sentarse a dar debates necesarios, como federalizar el servicio de salud, por ejemplo con la construcci\u00f3n de dos micro hospitales, uno en San Mart\u00edn y otro en San Rafael, para garantizar el acceso a la salud. Tambi\u00e9n ampliar las instalaciones del Hospital El Carmen y mejorar la atenci\u00f3n de los afiliados de OSEP, que hoy adem\u00e1s sufren el pago de coseguros abusivos.<\/p>\n<p>El Estado provincial debe mejorar de forma urgente prestaciones, sobre todo en los barrios m\u00e1s poblados y los de los principales distritos en los departamentos con zonas rurales, para ello hay que reorganizar el funcionamiento de los Centros de Salud, y que tengan una franja horaria de atenci\u00f3n ampliada, desde las 8 de la ma\u00f1ana a las 6 de la tarde (m\u00ednimo). Nuestra propuesta tiene en cuenta las particularidades sociodemogr\u00e1ficas de cada regi\u00f3n, que sin dudas, son dis\u00edmiles.<\/p>\n<p>Es necesario tambi\u00e9n conformar Equipos B\u00e1sicos de Salud integrados por: m\u00e9dico\/a de familia, pediatras, enfermeros, trabajadores sociales, psic\u00f3loga\/o, licenciada\/o en obstetricia, odont\u00f3loga\/o, agentes sanitarios que abordar\u00e1n la situaci\u00f3n particular de cada comunidad. Contar\u00e1n con una remuneraci\u00f3n diferencial y estrategias que favorezcan el arraigo y permanencia en los puestos de trabajo.<\/p>\n<p>Un eje que ser\u00e1 de suma importancia en nuestro gobierno tambi\u00e9n ser\u00e1 el de Salud Mental. Ya hemos expresado que es urgente desarrollar pol\u00edticas de intervenci\u00f3n comunitarias para identificar a tiempo indicadores de atenci\u00f3n y fortalecer mecanismos de escucha activa. En una provincia donde el 41% de la poblaci\u00f3n carece de obra social, este \u00e1mbito tan importante de nuestra salud no tiene cobertura eficiente y oportuna.<\/p>\n<p>Ser\u00e1 otro de nuestros objetivos aumentar los Centros de Atenci\u00f3n Infanto Juveniles -con criterio de georeferenciaci\u00f3n- para dar respuesta y contenci\u00f3n en d\u00f3nde sea m\u00e1s necesario.<\/p>\n<p>\u00c9stas y otras iniciativas forman parte de las ideas que tenemos para mejorar la vida a los mendocinos y mendocinas. Ante la ausencia de pol\u00edticas que den respuesta a los servicios m\u00e1s b\u00e1sicos que debe ofrecer el Estado oponemos fuerza de trabajo, compromiso y la certeza de saber que el principal objetivo de la gesti\u00f3n debe ser siempre la felicidad del pueblo.<\/p>\n","protected":false},"excerpt":{"rendered":"<p>Atenci\u00f3n de 200 pacientes por d\u00eda, a raz\u00f3n de 8 personas por hora, salarios magros, jornadas interminables. Gira por varias guardias, &#8230;<\/p>\n","protected":false},"author":7,"featured_media":124061,"comment_status":"open","ping_status":"open","sticky":false,"template":"","format":"standard","meta":{"footnotes":""},"categories":[5,42],"tags":[],"class_list":["post-124060","post","type-post","status-publish","format-standard","has-post-thumbnail","hentry","category-actualidad","category-opinion"],"_links":{"self":[{"href":"https:\/\/vinasfm.com\/noticias\/wp-json\/wp\/v2\/posts\/124060","targetHints":{"allow":["GET"]}}],"collection":[{"href":"https:\/\/vinasfm.com\/noticias\/wp-json\/wp\/v2\/posts"}],"about":[{"href":"https:\/\/vinasfm.com\/noticias\/wp-json\/wp\/v2\/types\/post"}],"author":[{"embeddable":true,"href":"https:\/\/vinasfm.com\/noticias\/wp-json\/wp\/v2\/users\/7"}],"replies":[{"embeddable":true,"href":"https:\/\/vinasfm.com\/noticias\/wp-json\/wp\/v2\/comments?post=124060"}],"version-history":[{"count":1,"href":"https:\/\/vinasfm.com\/noticias\/wp-json\/wp\/v2\/posts\/124060\/revisions"}],"predecessor-version":[{"id":124062,"href":"https:\/\/vinasfm.com\/noticias\/wp-json\/wp\/v2\/posts\/124060\/revisions\/124062"}],"wp:featuredmedia":[{"embeddable":true,"href":"https:\/\/vinasfm.com\/noticias\/wp-json\/wp\/v2\/media\/124061"}],"wp:attachment":[{"href":"https:\/\/vinasfm.com\/noticias\/wp-json\/wp\/v2\/media?parent=124060"}],"wp:term":[{"taxonomy":"category","embeddable":true,"href":"https:\/\/vinasfm.com\/noticias\/wp-json\/wp\/v2\/categories?post=124060"},{"taxonomy":"post_tag","embeddable":true,"href":"https:\/\/vinasfm.com\/noticias\/wp-json\/wp\/v2\/tags?post=124060"}],"curies":[{"name":"wp","href":"https:\/\/api.w.org\/{rel}","templated":true}]}}