{"id":124053,"date":"2023-07-03T10:27:29","date_gmt":"2023-07-03T13:27:29","guid":{"rendered":"https:\/\/vinasfm.com\/noticias\/?p=124053"},"modified":"2023-07-04T09:39:51","modified_gmt":"2023-07-04T12:39:51","slug":"san-pedro-del-atuel-brillo-a-la-luz-de-la-fogata-mas-grande-del-pais","status":"publish","type":"post","link":"https:\/\/vinasfm.com\/noticias\/san-pedro-del-atuel-brillo-a-la-luz-de-la-fogata-mas-grande-del-pais\/","title":{"rendered":"SAN PEDRO DEL ATUEL BRILL\u00d3 A LA LUZ DE LA FOGATA M\u00c1S GRANDE DEL PA\u00cdS"},"content":{"rendered":"<p><strong>Un a\u00f1o m\u00e1s la fiesta de San Pedro nos dio el marco perfecto para pensar positivamente hacia el futuro, viendo a trav\u00e9s de la fogata esa mezcla de tradici\u00f3n y religi\u00f3n que pasa de generaci\u00f3n en generaci\u00f3n.<\/strong><\/p>\n<p>Durante el discurso del Acto Oficial, el delegado municipal Pablo Roa destac\u00f3 la fuerza del distrito al enfrentar las adversidades. <em><strong>\u201cEste a\u00f1o inici\u00f3 con inclemencias que nos han afectado fuertemente, pero desde las cenizas volvimos a resurgir. Agradezco al pueblo que forj\u00f3 esta historia, porque sin ellos no hubiese sido posible estar hoy celebrando y los invito a seguir trabajando con el mismo esfuerzo, con el mismo empuje y con ese sentido de pertenencia para que todos podamos tener un Carmensa mucho mejor\u201d.<\/strong><\/em><\/p>\n<p><img loading=\"lazy\" decoding=\"async\" class=\"aligncenter\" src=\"https:\/\/scontent.fmdz10-1.fna.fbcdn.net\/v\/t39.30808-6\/357490838_656551299852686_3006216426856449322_n.jpg?stp=dst-jpg_p600x600&amp;_nc_cat=102&amp;cb=99be929b-3346023f&amp;ccb=1-7&amp;_nc_sid=8bfeb9&amp;_nc_ohc=FQ9mxR5LSrUAX-jCV8U&amp;_nc_ht=scontent.fmdz10-1.fna&amp;oh=00_AfCeDbvQCj1lzVLcPPeOcfjBzg_7oeakOviAm1HB1208pQ&amp;oe=64A6D837\" width=\"500\" height=\"313\" \/><\/p>\n<p><em><strong>\u201cSabemos que hay muchas metas por alcanzar, pero entendemos esta gesti\u00f3n ha macado un antes y un despu\u00e9s en San Pedro del Atuel. Queda mucho por hacer pero hay que reconocer que vamos a un mejor lugar\u201d<\/strong><\/em>, expres\u00f3 Roa.<\/p>\n<p>En materia de obras se\u00f1al\u00f3; <strong><em>\u201ces la gesti\u00f3n que m\u00e1s asfalto ha hecho en nuestro distrito\u00bb, <\/em><\/strong>y adelant\u00f3 <strong><em>\u00abuna de nuestras intenciones es hermosear nuestra plaza, por eso se ha solicitado la renovaci\u00f3n que lograremos antes de irnos. Queremos darle una nueva cara a nuestro polideportivo porque es el coraz\u00f3n de nuestras actividades\u00bb.\u00a0<\/em><\/strong><\/p>\n<p><img loading=\"lazy\" decoding=\"async\" class=\"aligncenter\" src=\"https:\/\/scontent.fmdz10-1.fna.fbcdn.net\/v\/t39.30808-6\/357453814_656648836509599_7811382042205853140_n.jpg?stp=cp6_dst-jpg&amp;_nc_cat=105&amp;cb=99be929b-3346023f&amp;ccb=1-7&amp;_nc_sid=8bfeb9&amp;_nc_ohc=7uO7SUlslc4AX87MLvp&amp;_nc_ht=scontent.fmdz10-1.fna&amp;oh=00_AfALXWnKIL82Kb-3t2lT01gFUAyMoc7ggPknExQgY5DXcQ&amp;oe=64A786E5\" alt=\"Puede ser una imagen de 7 personas, \u00e1rbol y monumento\" width=\"453\" height=\"402\" \/><\/p>\n<h6 style=\"text-align: center;\">Roa y Uccelli en el Acto Oficial<\/h6>\n<p>Tras la ausencia del Sr. Intendente Walther Marcolini, fue la presidente del HCD Mabel Uccelli quien brind\u00f3 un discurso como la figura m\u00e1xima. <em><strong>\u201cEs un honor dar inicio a los festejos patronales que nos permiten visibilizar el trabajo y esfuerzo que hace cada uno de los que forman parte de esta comunidad\u201d.<\/strong><\/em><\/p>\n<p><em><strong>\u201cA\u00f1o tras a\u00f1o, cuando llega el momento de la fogata, nos da la oportunidad de pensar en el futuro que so\u00f1amos. El cambio que trae la luz del fuego lo tenemos que trasladar a nuestra persona porque no hay cambio posible si no cambiamos nosotros, por eso los invito a reflexionar y pedir por un nuevo camino\u201d<\/strong><\/em>, concluy\u00f3 Mabel Uccelli.<\/p>\n<p><img loading=\"lazy\" decoding=\"async\" class=\"\" src=\"https:\/\/scontent.fmdz10-1.fna.fbcdn.net\/v\/t39.30808-6\/357374104_656413499866466_9207589738614606636_n.jpg?stp=dst-jpg_s960x960&amp;_nc_cat=108&amp;cb=99be929b-3346023f&amp;ccb=1-7&amp;_nc_sid=8bfeb9&amp;_nc_ohc=RpEnUrcJlUsAX8DejKS&amp;_nc_ht=scontent.fmdz10-1.fna&amp;oh=00_AfCTAf5rsChze3vMogXy5EvvhxGxenL66ZHNgU0yNolz6Q&amp;oe=64A852A4\" width=\"351\" height=\"217\" \/> <img loading=\"lazy\" decoding=\"async\" class=\"\" src=\"https:\/\/scontent.fmdz10-1.fna.fbcdn.net\/v\/t39.30808-6\/357357774_656413429866473_3401460994399654902_n.jpg?stp=dst-jpg_p180x540&amp;_nc_cat=104&amp;cb=99be929b-3346023f&amp;ccb=1-7&amp;_nc_sid=8bfeb9&amp;_nc_ohc=IoVKQHewA9sAX88KgOQ&amp;_nc_ht=scontent.fmdz10-1.fna&amp;oh=00_AfAsHgOJpdU_i5bHbUvRa80vgxay-lHFgSsZAvpITvB7cw&amp;oe=64A73332\" width=\"378\" height=\"217\" \/><\/p>\n<h6 style=\"text-align: center;\">En el marco de los festejos de Carmensa se realiz\u00f3 la Santa Misa en la Capilla \u201c San Pedro Ap\u00f3stol\u201d.<\/h6>\n<p><img loading=\"lazy\" decoding=\"async\" class=\"\" src=\"https:\/\/scontent.fmdz10-1.fna.fbcdn.net\/v\/t39.30808-6\/357517285_656795649828251_6575178812822960515_n.jpg?stp=dst-jpg_p600x600&amp;_nc_cat=102&amp;cb=99be929b-3346023f&amp;ccb=1-7&amp;_nc_sid=8bfeb9&amp;_nc_ohc=Y1EYZkU2BAAAX-g6Non&amp;_nc_ht=scontent.fmdz10-1.fna&amp;oh=00_AfDfjW2ObcwWIloxeKXJOs8n7of3M0GIKy37DpzdmqhIYw&amp;oe=64A7FDFD\" width=\"352\" height=\"235\" \/> <img loading=\"lazy\" decoding=\"async\" class=\"\" src=\"https:\/\/scontent.fmdz10-1.fna.fbcdn.net\/v\/t39.30808-6\/357372708_656795686494914_3102739849818382836_n.jpg?_nc_cat=102&amp;cb=99be929b-3346023f&amp;ccb=1-7&amp;_nc_sid=8bfeb9&amp;_nc_ohc=syO7XQi8_rUAX8lFkkI&amp;_nc_ht=scontent.fmdz10-1.fna&amp;oh=00_AfCQ2DaTkKmXF4P_rqxYebm-GSL25ZJpgblSwrJwYpNyQg&amp;oe=64A71FC8\" alt=\"Puede ser una imagen de 1 persona y fuego\" width=\"352\" height=\"234\" \/><\/p>\n<p><img loading=\"lazy\" decoding=\"async\" class=\"\" src=\"https:\/\/scontent.fmdz10-1.fna.fbcdn.net\/v\/t39.30808-6\/357400527_656795716494911_2243679275956142382_n.jpg?_nc_cat=109&amp;cb=99be929b-3346023f&amp;ccb=1-7&amp;_nc_sid=8bfeb9&amp;_nc_ohc=WohlDWewrjIAX9Ax08u&amp;_nc_oc=AQkujmQCRanNwTRiYkVlEcK0Qv2htkO63qHPTEZz94h5pDraVqYKKTJ2s21iVKq9xzU&amp;_nc_ht=scontent.fmdz10-1.fna&amp;oh=00_AfBffRk-MI8P7uwcOypfzXMTDmMJ81StdxfqrDVGVym06g&amp;oe=64A7D111\" alt=\"Puede ser una imagen de 1 persona, guitarra, acorde\u00f3n y texto\" width=\"332\" height=\"221\" \/> <img loading=\"lazy\" decoding=\"async\" class=\"\" src=\"https:\/\/scontent.fmdz10-1.fna.fbcdn.net\/v\/t39.30808-6\/357042117_656795739828242_8350289897976684443_n.jpg?_nc_cat=110&amp;cb=99be929b-3346023f&amp;ccb=1-7&amp;_nc_sid=8bfeb9&amp;_nc_ohc=-odIC9FtdvYAX-c8M2Z&amp;_nc_oc=AQn3itbEFlwF5RRFp6Ok7mJdeT6RumyagsmwdyWQxJspC86n5ARGbD2bozDKkbKXF80&amp;_nc_ht=scontent.fmdz10-1.fna&amp;oh=00_AfC7q_XIIHITPjC2D4XoedtAMFkmNgRgMXXPAxMYs009pg&amp;oe=64A88544\" alt=\"Puede ser una imagen de 6 personas, saxof\u00f3n, altavoz, acorde\u00f3n, clarinete, trompeta y texto\" width=\"366\" height=\"221\" \/><\/p>\n<h6 style=\"text-align: center;\">Con la tradicional quema de la fogata Carmensa culmin\u00f3 sus festejos patronales.<\/h6>\n","protected":false},"excerpt":{"rendered":"<p>Un a\u00f1o m\u00e1s la fiesta de San Pedro nos dio el marco perfecto para pensar positivamente hacia el futuro, viendo a &#8230;<\/p>\n","protected":false},"author":7,"featured_media":124054,"comment_status":"open","ping_status":"open","sticky":false,"template":"","format":"standard","meta":{"footnotes":""},"categories":[5,11],"tags":[],"class_list":["post-124053","post","type-post","status-publish","format-standard","has-post-thumbnail","hentry","category-actualidad","category-sociales"],"_links":{"self":[{"href":"https:\/\/vinasfm.com\/noticias\/wp-json\/wp\/v2\/posts\/124053","targetHints":{"allow":["GET"]}}],"collection":[{"href":"https:\/\/vinasfm.com\/noticias\/wp-json\/wp\/v2\/posts"}],"about":[{"href":"https:\/\/vinasfm.com\/noticias\/wp-json\/wp\/v2\/types\/post"}],"author":[{"embeddable":true,"href":"https:\/\/vinasfm.com\/noticias\/wp-json\/wp\/v2\/users\/7"}],"replies":[{"embeddable":true,"href":"https:\/\/vinasfm.com\/noticias\/wp-json\/wp\/v2\/comments?post=124053"}],"version-history":[{"count":4,"href":"https:\/\/vinasfm.com\/noticias\/wp-json\/wp\/v2\/posts\/124053\/revisions"}],"predecessor-version":[{"id":124056,"href":"https:\/\/vinasfm.com\/noticias\/wp-json\/wp\/v2\/posts\/124053\/revisions\/124056"}],"wp:featuredmedia":[{"embeddable":true,"href":"https:\/\/vinasfm.com\/noticias\/wp-json\/wp\/v2\/media\/124054"}],"wp:attachment":[{"href":"https:\/\/vinasfm.com\/noticias\/wp-json\/wp\/v2\/media?parent=124053"}],"wp:term":[{"taxonomy":"category","embeddable":true,"href":"https:\/\/vinasfm.com\/noticias\/wp-json\/wp\/v2\/categories?post=124053"},{"taxonomy":"post_tag","embeddable":true,"href":"https:\/\/vinasfm.com\/noticias\/wp-json\/wp\/v2\/tags?post=124053"}],"curies":[{"name":"wp","href":"https:\/\/api.w.org\/{rel}","templated":true}]}}