{"id":124046,"date":"2023-07-03T09:37:57","date_gmt":"2023-07-03T12:37:57","guid":{"rendered":"https:\/\/vinasfm.com\/noticias\/?p=124046"},"modified":"2023-07-04T08:51:36","modified_gmt":"2023-07-04T11:51:36","slug":"el-gobierno-cedio-ante-un-reclamo-de-las-distribuidoras-y-la-luz-tendra-aumentos-trimestrales","status":"publish","type":"post","link":"https:\/\/vinasfm.com\/noticias\/el-gobierno-cedio-ante-un-reclamo-de-las-distribuidoras-y-la-luz-tendra-aumentos-trimestrales\/","title":{"rendered":"EL GOBIERNO CEDI\u00d3 ANTE UN RECLAMO DE LAS DISTRIBUIDORAS Y LA LUZ TENDR\u00c1 AUMENTOS TRIMESTRALES"},"content":{"rendered":"<p><strong>Actualmente, el ajuste del componente local de la tarifa el\u00e9ctrica es semestral. La modificaci\u00f3n ser\u00e1 sometida a debate en la audiencia p\u00fablica que se realizar\u00e1 el 28 de julio.<\/strong><\/p>\n<p>Un viejo reclamo de la distribuidoras el\u00e9ctricas finalmente encontr\u00f3 eco en el Gobierno provincial, que accedi\u00f3 a realizar ajustes trimestrales en la tarifa de la luz. Si bien la decisi\u00f3n ya est\u00e1 tomada, para cumplir con los pasos legales ser\u00e1 sometida a una audiencia p\u00fablica no vinculante que se realizar\u00e1 el 28 de julio.<\/p>\n<p><em><strong>\u201cEdemsa explic\u00f3 la necesidad de realizar revisiones tarifarias en forma trimestral con el objetivo de atenuar es escal\u00f3n de aumento para los usuarios finales. Tambi\u00e9n pidi\u00f3 solucionar el desfasaje que se produce entre el momento en el que se fija la tarifa y su entrada en vigencia de manera efectiva\u201d.<\/strong><\/em> El mensaje difundido en la cuenta oficial de Twitter de la principal distribuidora el\u00e9ctrica de la provincia no es nuevo: fue publicado el 5 de abril de 2019 y avalado por el resto de las empresas del sector.<\/p>\n<p>&nbsp;<\/p>\n<figure class=\"wp-block-embed is-type-rich is-provider-twitter wp-block-embed-twitter\">\n<div class=\"wp-block-embed__wrapper\">\n<div class=\"twitter-tweet twitter-tweet-rendered\"><iframe id=\"twitter-widget-0\" class=\"\" title=\"Twitter Tweet\" src=\"https:\/\/platform.twitter.com\/embed\/Tweet.html?creatorScreenName=fedebrus&amp;dnt=true&amp;embedId=twitter-widget-0&amp;features=eyJ0ZndfdGltZWxpbmVfbGlzdCI6eyJidWNrZXQiOltdLCJ2ZXJzaW9uIjpudWxsfSwidGZ3X2ZvbGxvd2VyX2NvdW50X3N1bnNldCI6eyJidWNrZXQiOnRydWUsInZlcnNpb24iOm51bGx9LCJ0ZndfdHdlZXRfZWRpdF9iYWNrZW5kIjp7ImJ1Y2tldCI6Im9uIiwidmVyc2lvbiI6bnVsbH0sInRmd19yZWZzcmNfc2Vzc2lvbiI6eyJidWNrZXQiOiJvbiIsInZlcnNpb24iOm51bGx9LCJ0ZndfZm9zbnJfc29mdF9pbnRlcnZlbnRpb25zX2VuYWJsZWQiOnsiYnVja2V0Ijoib24iLCJ2ZXJzaW9uIjpudWxsfSwidGZ3X21peGVkX21lZGlhXzE1ODk3Ijp7ImJ1Y2tldCI6InRyZWF0bWVudCIsInZlcnNpb24iOm51bGx9LCJ0ZndfZXhwZXJpbWVudHNfY29va2llX2V4cGlyYXRpb24iOnsiYnVja2V0IjoxMjA5NjAwLCJ2ZXJzaW9uIjpudWxsfSwidGZ3X3Nob3dfYmlyZHdhdGNoX3Bpdm90c19lbmFibGVkIjp7ImJ1Y2tldCI6Im9uIiwidmVyc2lvbiI6bnVsbH0sInRmd19kdXBsaWNhdGVfc2NyaWJlc190b19zZXR0aW5ncyI6eyJidWNrZXQiOiJvbiIsInZlcnNpb24iOm51bGx9LCJ0ZndfdXNlX3Byb2ZpbGVfaW1hZ2Vfc2hhcGVfZW5hYmxlZCI6eyJidWNrZXQiOiJvbiIsInZlcnNpb24iOm51bGx9LCJ0ZndfdmlkZW9faGxzX2R5bmFtaWNfbWFuaWZlc3RzXzE1MDgyIjp7ImJ1Y2tldCI6InRydWVfYml0cmF0ZSIsInZlcnNpb24iOm51bGx9LCJ0ZndfbGVnYWN5X3RpbWVsaW5lX3N1bnNldCI6eyJidWNrZXQiOnRydWUsInZlcnNpb24iOm51bGx9LCJ0ZndfdHdlZXRfZWRpdF9mcm9udGVuZCI6eyJidWNrZXQiOiJvbiIsInZlcnNpb24iOm51bGx9fQ%3D%3D&amp;frame=false&amp;hideCard=false&amp;hideThread=false&amp;id=1114173490519842816&amp;lang=es&amp;origin=https%3A%2F%2Fwww.elsol.com.ar%2Fmendoza%2Fel-gobierno-cedio-ante-un-historico-reclamo-de-las-distribuidoras-y-la-luz-tendra-aumentos-trimestrales%2F&amp;sessionId=3db9209ced078a0a19116b05c227dba61bfc966d&amp;siteScreenName=elsolonline&amp;theme=light&amp;widgetsVersion=aaf4084522e3a%3A1674595607486&amp;width=550px\" frameborder=\"0\" scrolling=\"no\" allowfullscreen=\"allowfullscreen\" data-tweet-id=\"1114173490519842816\" data-mce-fragment=\"1\"><\/iframe><\/div>\n<\/div>\n<\/figure>\n<p>La resistencia oficial ante ese recurrente pedido de las empresas se acabar\u00e1 pronto: en el llamado a audiencia p\u00fablica para la\u00a0<strong>\u201crevisi\u00f3n tarifaria 2023-2028\u201d<\/strong>, se incluy\u00f3 un punto que apunta justamente a la\u00a0<strong>\u201cmodificaci\u00f3n del procedimiento de adecuaci\u00f3n de VAD\u201d<\/strong>.<\/p>\n<p>En concreto, las distribuidoras solicitaron en las \u00faltimas audiencias que los aumentos en el Valor Agregado de Distribuci\u00f3n (VAD), el \u00fanico componente de la tarifa el\u00e9ctrica que est\u00e1 bajo control del Ejecutivo provincial, se apliquen cada tres meses y no cada seis, como ocurre actualmente. Y el Gobierno, a trav\u00e9s de la Secretar\u00eda de Servicios P\u00fablicos, accedi\u00f3 al reclamo:<em><strong> \u201cLa adecuaci\u00f3n se realizar\u00e1 cada tres meses a trav\u00e9s de la determinaci\u00f3n del Factor de Adecuaci\u00f3n de VAD propio (FAV). Los cuadros tarifarios resultantes de la aplicaci\u00f3n efectiva del mencionado FAV, ser\u00e1n en los meses de febrero, mayo, agosto y noviembre de cada a\u00f1o\u201d<\/strong><\/em>, destaca un documento oficial.<\/p>\n<p>Desde el Ente Provincial Regulador El\u00e9ctrico (EPRE) enfatizaron que esta modificaci\u00f3n<em>\u00a0<strong>\u201ces una instrucci\u00f3n de la Secretar\u00eda de Servicios P\u00fablicos, en el marco de lo expresado en otras audiencias p\u00fablicas tanto por las distribuidoras como los representante de los defensores de los usuarios, a fin de que, por un lado, la tarifa acompa\u00f1e los precios de los costos de las distribuidoras, los que var\u00edan como consecuencia de la inflaci\u00f3n y, por otro lado, para que los impactos tarifarios a la hora de aplicarse sean menos bruscos para los usuarios\u201d<\/strong><\/em><strong>.<\/strong><\/p>\n<p>Adem\u00e1s, en el organismo de control que preside\u00a0<strong>Andrea Molina<\/strong>\u00a0agregaron que un eventual ajuste trimestral del VAD\u00a0<strong><em>\u201cir\u00eda en consonancia con los precios estacionales que se regulan cada tres meses por la Secretar\u00eda de Energ\u00eda de la Naci\u00f3n, que son aquellos que se aplican en el componente de la tarifa \u2018costo de abastecimiento\u2019, de jurisdicci\u00f3n nacional\u201d.<\/em><\/strong><\/p>\n<p>Las distribuidoras afirman que cuando se realiza el c\u00e1lculo de costos previo a cada actualizaci\u00f3n tarifaria, no se tiene en cuenta el momento en el que se va a aplicar el ajuste. En tal sentido, recuerdan que, en algunos casos, pasaron ocho meses desde que entregaron sus estudios al EPRE hasta que el gobernador de turno firm\u00f3 el decreto autorizando el incremento. Todo en un contexto de alta\u00a0<strong>inflaci\u00f3n\u00a0<\/strong>que distorsiona las variables. Tambi\u00e9n sostienen que la adecuaci\u00f3n trimestral permitir\u00e1 atenuar el golpe para los bolsillos de los usuarios.<\/p>\n<p>La audiencia p\u00fablica no vinculante donde se pondr\u00e1 en consideraci\u00f3n este cambio se llevar\u00e1 a cabo el\u00a0<strong>28 de julio<\/strong>\u00a0y tendr\u00e1 un mecanismo mixto: presencial en el Espacio Cultural Julio Le Parc, de Guaymall\u00e9n, y virtual a trav\u00e9s de la plataforma Zoom.<\/p>\n<p>En ese encuentro se debatir\u00e1 el proceso de revisi\u00f3n tarifaria correspondiente al sexto Per\u00edodo Tarifario, vigente a partir del 1 de agosto de 2023 hasta el 31 de julio de 2028,<strong>\u00a0<em>\u201ccon el objeto de determinar los cuadros tarifarios y dem\u00e1s reg\u00edmenes vinculados para el citado per\u00edodo\u201d.<\/em><\/strong><\/p>\n","protected":false},"excerpt":{"rendered":"<p>Actualmente, el ajuste del componente local de la tarifa el\u00e9ctrica es semestral. La modificaci\u00f3n ser\u00e1 sometida a debate en la audiencia &#8230;<\/p>\n","protected":false},"author":7,"featured_media":124047,"comment_status":"open","ping_status":"open","sticky":false,"template":"","format":"standard","meta":{"footnotes":""},"categories":[5,10],"tags":[],"class_list":["post-124046","post","type-post","status-publish","format-standard","has-post-thumbnail","hentry","category-actualidad","category-destacadas"],"_links":{"self":[{"href":"https:\/\/vinasfm.com\/noticias\/wp-json\/wp\/v2\/posts\/124046","targetHints":{"allow":["GET"]}}],"collection":[{"href":"https:\/\/vinasfm.com\/noticias\/wp-json\/wp\/v2\/posts"}],"about":[{"href":"https:\/\/vinasfm.com\/noticias\/wp-json\/wp\/v2\/types\/post"}],"author":[{"embeddable":true,"href":"https:\/\/vinasfm.com\/noticias\/wp-json\/wp\/v2\/users\/7"}],"replies":[{"embeddable":true,"href":"https:\/\/vinasfm.com\/noticias\/wp-json\/wp\/v2\/comments?post=124046"}],"version-history":[{"count":1,"href":"https:\/\/vinasfm.com\/noticias\/wp-json\/wp\/v2\/posts\/124046\/revisions"}],"predecessor-version":[{"id":124048,"href":"https:\/\/vinasfm.com\/noticias\/wp-json\/wp\/v2\/posts\/124046\/revisions\/124048"}],"wp:featuredmedia":[{"embeddable":true,"href":"https:\/\/vinasfm.com\/noticias\/wp-json\/wp\/v2\/media\/124047"}],"wp:attachment":[{"href":"https:\/\/vinasfm.com\/noticias\/wp-json\/wp\/v2\/media?parent=124046"}],"wp:term":[{"taxonomy":"category","embeddable":true,"href":"https:\/\/vinasfm.com\/noticias\/wp-json\/wp\/v2\/categories?post=124046"},{"taxonomy":"post_tag","embeddable":true,"href":"https:\/\/vinasfm.com\/noticias\/wp-json\/wp\/v2\/tags?post=124046"}],"curies":[{"name":"wp","href":"https:\/\/api.w.org\/{rel}","templated":true}]}}