{"id":124040,"date":"2023-07-03T09:19:54","date_gmt":"2023-07-03T12:19:54","guid":{"rendered":"https:\/\/vinasfm.com\/noticias\/?p=124040"},"modified":"2023-07-04T08:28:58","modified_gmt":"2023-07-04T11:28:58","slug":"heroes-sin-capa-donar-es-salvar-vidas","status":"publish","type":"post","link":"https:\/\/vinasfm.com\/noticias\/heroes-sin-capa-donar-es-salvar-vidas\/","title":{"rendered":"H\u00c9ROES SIN CAPA; DONAR ES SALVAR VIDAS"},"content":{"rendered":"<p><strong>Durante la semana pasa el HCD le otorg\u00f3 un reconocimiento a Mar\u00eda In\u00e9s Bondi por su acto de<\/strong><strong> ser donante de m\u00e9dula \u00f3sea para la ni\u00f1a alvearense Emma Maldonado. <\/strong><\/p>\n<p>En <strong><span style=\"color: #0000ff;\">F.M VI\u00d1AS<\/span><\/strong> conocimos la historia desde las palabras de <strong><span style=\"color: #800080;\">Aldo Maldonado<\/span><\/strong>, padre de Emma.<strong><em>\u201c<\/em><\/strong><strong><em>En el 2018 a Emita le dieron el diagnostico de una enfermedad gen\u00e9tica, parte del tratamiento fue el trasplante de medula \u00f3sea<\/em><\/strong><em>\u201d,<\/em> relat\u00f3 y coment\u00f3 <strong><em>\u201ccuando hablamos de medula creemos que es la medula espinal. Emma carece de una enzima que corta unas cadenas, lo que sucede es que podemos ponerle la sustituta pero el tama\u00f1o que eso tiene no puede atravesar cierta parte de nuestro organismo\u201d.<\/em><\/strong><\/p>\n<p>La peque\u00f1a pudo conseguir su donante, con compatibilidad del 100%, as\u00ed fue que el 5 de julio de 2018 pudieron realizar este trasplante, un reconocimiento para OSEP<strong><em>.\u00a0\u201cInsisto en que con una simple extracci\u00f3n de sangre ya somos donantes, luego el procedimiento de extracci\u00f3n se puede hacer de dos maneras, por un lado de sangre perif\u00e9rica a trav\u00e9s de la vena o como en el caso de Mar\u00eda In\u00e9s por una punci\u00f3n en la cresta iliaca\u201d<\/em><\/strong>, indic\u00f3 Maldonado, quien tambi\u00e9n es m\u00e9dico.<\/p>\n<p><img loading=\"lazy\" decoding=\"async\" class=\"\" src=\"https:\/\/vinasfm.com\/noticias\/wp-content\/uploads\/2023\/06\/WhatsApp-Image-2023-06-30-at-14.30.33-1024x641.jpeg\" width=\"352\" height=\"221\" \/> <img loading=\"lazy\" decoding=\"async\" class=\"\" src=\"https:\/\/vinasfm.com\/noticias\/wp-content\/uploads\/2023\/06\/WhatsApp-Image-2023-06-30-at-14.30.28.jpeg\" width=\"331\" height=\"220\" \/><\/p>\n<h6 style=\"text-align: center;\">Reconocimiento a Mar\u00eda In\u00e9s Bondi Moreno<\/h6>\n<p><strong><em>\u201cNuestro agradecimiento con Mar\u00eda In\u00e9s es eterno\u201d,<\/em><\/strong> manifest\u00f3 Aldo Maldonado. Como establece el INCUCAI el encuentro entre paciente y donante se dio un a\u00f1o despu\u00e9s de la intervenci\u00f3n, pero a causa de la pandemia de COVID-19 debi\u00f3 ser v\u00eda online. <strong><em>\u201cEl a\u00f1o pasado, durante una vacaciones, nos pudimos conocer en persona pero siempre estuvo pendiente que Mar\u00eda In\u00e9s viniese a General Alvear\u201d. <\/em><\/strong>Finalmente el tan esperado encuentro sucedi\u00f3 en junio de este a\u00f1o y por coincidencia fue para celebrar los 7 a\u00f1os de vida de Emma.<\/p>\n<p><span style=\"color: #800080;\"><strong>Mar\u00eda In\u00e9s Bondi<\/strong><\/span>, quien es oriunda de la ciudad La Banda, Santiago Del Estero, ya hab\u00eda sido donante de sangre. <strong><em>\u201cPrevio a ser donante hay que firmar un consentimiento, cuando hay compatibilidad nos contactan para corroborar que queremos ser donantes\u201d,<\/em><\/strong> explic\u00f3.<\/p>\n<p><strong><em>\u201cPara m\u00ed ha sido algo tan sencillo, la organizaci\u00f3n y el procedimiento ha sido incre\u00edble y muy cuidado\u201d,<\/em><\/strong> se\u00f1al\u00f3 Bondi y afirm\u00f3 que <strong><em>\u201ctodos podemos ser donantes si tenemos las condiciones, solo es necesario tener la voluntad y empat\u00eda\u201d.<\/em><\/strong><\/p>\n<p><img loading=\"lazy\" decoding=\"async\" class=\"\" src=\"https:\/\/scontent.fmdz10-1.fna.fbcdn.net\/v\/t39.30808-6\/357383830_655338896640593_43186050725517159_n.jpg?stp=cp6_dst-jpg&amp;_nc_cat=108&amp;cb=99be929b-3346023f&amp;ccb=1-7&amp;_nc_sid=8bfeb9&amp;_nc_ohc=UXLpXDqMz1oAX96h5zn&amp;_nc_ht=scontent.fmdz10-1.fna&amp;oh=00_AfCoWTJjyjiogOvx1dymLlVrMTEovn94hIPLiz-eLpjOJg&amp;oe=64A6E45E\" alt=\"Puede ser una imagen de 10 personas, ni\u00f1os, viol\u00edn y multitud\" width=\"338\" height=\"225\" \/> <img loading=\"lazy\" decoding=\"async\" class=\"\" src=\"https:\/\/scontent.fmdz10-1.fna.fbcdn.net\/v\/t39.30808-6\/357056857_655338673307282_3437247980477339419_n.jpg?_nc_cat=102&amp;cb=99be929b-3346023f&amp;ccb=1-7&amp;_nc_sid=8bfeb9&amp;_nc_ohc=O8P6VH8vPA8AX9rirKW&amp;_nc_ht=scontent.fmdz10-1.fna&amp;oh=00_AfCZG1Qr-kk7D88_3maITIjMFjCYDBRcEByYcPnvxir8NQ&amp;oe=64A74813\" alt=\"Puede ser una imagen de 1 persona, ni\u00f1os y sonriendo\" width=\"150\" height=\"225\" \/> <img loading=\"lazy\" decoding=\"async\" class=\"\" src=\"https:\/\/scontent.fmdz10-1.fna.fbcdn.net\/v\/t39.30808-6\/357461455_655338503307299_3745539584671802287_n.jpg?stp=cp6_dst-jpg&amp;_nc_cat=100&amp;cb=99be929b-3346023f&amp;ccb=1-7&amp;_nc_sid=8bfeb9&amp;_nc_ohc=j_CzZFzhn0MAX_htYbp&amp;_nc_ht=scontent.fmdz10-1.fna&amp;oh=00_AfA89ocT6efmUDc2zNPhpLr6V6lDA6kGpK3nZrXNzhPjXQ&amp;oe=64A71607\" alt=\"Puede ser una imagen de 7 personas y personas sonriendo\" width=\"337\" height=\"224\" \/><\/p>\n<p><strong><em>\u201cCuando los especialistas me contactaron e informaron que se trataba de una paciente pedi\u00e1trica fue inevitables emocionarme porque era una beb\u00e9 que estaba empezando la vida\u201d <\/em><\/strong>expres\u00f3 Mar\u00eda In\u00e9s Bondi. A su emoci\u00f3n e sum\u00f3 Aldo Maldonado, <strong><em>\u201choy sentimos que a Mar\u00eda In\u00e9s la conocemos de toda la vida, es parte de nuestra familia\u201d.<\/em><\/strong><\/p>\n<p>Emma Maldonado hoy es una ni\u00f1a que goza de salud y disfruta de la vida cotidiana como cualquier otro ni\u00f1o, adem\u00e1s est\u00e1 pronto a recibir el alta inmunol\u00f3gica.<\/p>\n<h6>Vallejos, G.<\/h6>\n","protected":false},"excerpt":{"rendered":"<p>Durante la semana pasa el HCD le otorg\u00f3 un reconocimiento a Mar\u00eda In\u00e9s Bondi por su acto de ser donante de &#8230;<\/p>\n","protected":false},"author":7,"featured_media":124041,"comment_status":"open","ping_status":"open","sticky":false,"template":"","format":"standard","meta":{"footnotes":""},"categories":[5,11],"tags":[],"class_list":["post-124040","post","type-post","status-publish","format-standard","has-post-thumbnail","hentry","category-actualidad","category-sociales"],"_links":{"self":[{"href":"https:\/\/vinasfm.com\/noticias\/wp-json\/wp\/v2\/posts\/124040","targetHints":{"allow":["GET"]}}],"collection":[{"href":"https:\/\/vinasfm.com\/noticias\/wp-json\/wp\/v2\/posts"}],"about":[{"href":"https:\/\/vinasfm.com\/noticias\/wp-json\/wp\/v2\/types\/post"}],"author":[{"embeddable":true,"href":"https:\/\/vinasfm.com\/noticias\/wp-json\/wp\/v2\/users\/7"}],"replies":[{"embeddable":true,"href":"https:\/\/vinasfm.com\/noticias\/wp-json\/wp\/v2\/comments?post=124040"}],"version-history":[{"count":2,"href":"https:\/\/vinasfm.com\/noticias\/wp-json\/wp\/v2\/posts\/124040\/revisions"}],"predecessor-version":[{"id":124043,"href":"https:\/\/vinasfm.com\/noticias\/wp-json\/wp\/v2\/posts\/124040\/revisions\/124043"}],"wp:featuredmedia":[{"embeddable":true,"href":"https:\/\/vinasfm.com\/noticias\/wp-json\/wp\/v2\/media\/124041"}],"wp:attachment":[{"href":"https:\/\/vinasfm.com\/noticias\/wp-json\/wp\/v2\/media?parent=124040"}],"wp:term":[{"taxonomy":"category","embeddable":true,"href":"https:\/\/vinasfm.com\/noticias\/wp-json\/wp\/v2\/categories?post=124040"},{"taxonomy":"post_tag","embeddable":true,"href":"https:\/\/vinasfm.com\/noticias\/wp-json\/wp\/v2\/tags?post=124040"}],"curies":[{"name":"wp","href":"https:\/\/api.w.org\/{rel}","templated":true}]}}