{"id":124037,"date":"2023-07-03T08:33:44","date_gmt":"2023-07-03T11:33:44","guid":{"rendered":"https:\/\/vinasfm.com\/noticias\/?p=124037"},"modified":"2023-07-04T08:23:08","modified_gmt":"2023-07-04T11:23:08","slug":"un-auto-y-un-camion-colisionaron-en-ruta-143","status":"publish","type":"post","link":"https:\/\/vinasfm.com\/noticias\/un-auto-y-un-camion-colisionaron-en-ruta-143\/","title":{"rendered":"UN AUTO Y UN CAMI\u00d3N COLISIONARON EN RUTA 143"},"content":{"rendered":"<p><strong>Tuvo lugar durante la noche de este s\u00e1bado sobre la Ruta 143 entre un autom\u00f3vil y un cami\u00f3n.\u00a0<\/strong><\/p>\n<p>El episodio tuvo lugar pasadas las 21:00 horas de este s\u00e1bado. Personal policial tom\u00f3\u00a0conocimiento a trav\u00e9s del personal policial del Destacamento Cochico, que en ruta 143 km 325<strong>, se hab\u00eda producido una colisi\u00f3n entre un autom\u00f3vil Ford Fiesta, ocupado por dos ciudadanas mayores de edad que se dirig\u00edan de Sur a Norte con destino a San Rafael, y por razones que se tratan de establecer impactaron con un cami\u00f3n que se dirig\u00eda en direcci\u00f3n contraria.<\/strong><\/p>\n<p>Ambas <strong>ocupantes del veh\u00edculo menor fueron trasladadas al hospital \u00abEnfermeros Argentinos\u00bb<\/strong>, con lesiones de car\u00e1cter leve por lo que luego de ser examinadas se retiraron de alta.<\/p>\n","protected":false},"excerpt":{"rendered":"<p>Tuvo lugar durante la noche de este s\u00e1bado sobre la Ruta 143 entre un autom\u00f3vil y un cami\u00f3n.\u00a0 El episodio tuvo &#8230;<\/p>\n","protected":false},"author":7,"featured_media":124038,"comment_status":"open","ping_status":"open","sticky":false,"template":"","format":"standard","meta":{"footnotes":""},"categories":[5,184],"tags":[],"class_list":["post-124037","post","type-post","status-publish","format-standard","has-post-thumbnail","hentry","category-actualidad","category-siniestro-vial"],"_links":{"self":[{"href":"https:\/\/vinasfm.com\/noticias\/wp-json\/wp\/v2\/posts\/124037","targetHints":{"allow":["GET"]}}],"collection":[{"href":"https:\/\/vinasfm.com\/noticias\/wp-json\/wp\/v2\/posts"}],"about":[{"href":"https:\/\/vinasfm.com\/noticias\/wp-json\/wp\/v2\/types\/post"}],"author":[{"embeddable":true,"href":"https:\/\/vinasfm.com\/noticias\/wp-json\/wp\/v2\/users\/7"}],"replies":[{"embeddable":true,"href":"https:\/\/vinasfm.com\/noticias\/wp-json\/wp\/v2\/comments?post=124037"}],"version-history":[{"count":1,"href":"https:\/\/vinasfm.com\/noticias\/wp-json\/wp\/v2\/posts\/124037\/revisions"}],"predecessor-version":[{"id":124039,"href":"https:\/\/vinasfm.com\/noticias\/wp-json\/wp\/v2\/posts\/124037\/revisions\/124039"}],"wp:featuredmedia":[{"embeddable":true,"href":"https:\/\/vinasfm.com\/noticias\/wp-json\/wp\/v2\/media\/124038"}],"wp:attachment":[{"href":"https:\/\/vinasfm.com\/noticias\/wp-json\/wp\/v2\/media?parent=124037"}],"wp:term":[{"taxonomy":"category","embeddable":true,"href":"https:\/\/vinasfm.com\/noticias\/wp-json\/wp\/v2\/categories?post=124037"},{"taxonomy":"post_tag","embeddable":true,"href":"https:\/\/vinasfm.com\/noticias\/wp-json\/wp\/v2\/tags?post=124037"}],"curies":[{"name":"wp","href":"https:\/\/api.w.org\/{rel}","templated":true}]}}