{"id":124033,"date":"2023-07-03T08:23:55","date_gmt":"2023-07-03T11:23:55","guid":{"rendered":"https:\/\/vinasfm.com\/noticias\/?p=124033"},"modified":"2023-07-04T08:23:27","modified_gmt":"2023-07-04T11:23:27","slug":"incendio-en-una-vivienda-ubicada-en-calle-centenario","status":"publish","type":"post","link":"https:\/\/vinasfm.com\/noticias\/incendio-en-una-vivienda-ubicada-en-calle-centenario\/","title":{"rendered":"INCENDIO EN UNA VIVIENDA UBICADA EN CALLE CENTENARIO"},"content":{"rendered":"<p><strong>El d\u00eda domingo, siendo las 02:00 horas aproximadamente, se tom\u00f3 conocimiento que en un domicilio particular de calles Centenario y 8 se habr\u00eda producido un incendio.<\/strong><\/p>\n<p>Entrevistada<strong> la v\u00edctima, da cuenta que se retir\u00f3 de su domicilio a las 20:30 horas del d\u00eda s\u00e1bado y a las 02:00 horas toma conocimiento de que sal\u00eda humo del interior del inmueble.<\/strong> Inmediatamente se desplaza al lugar, <strong>el siniestro fue sofocado juntamente con familiares constat\u00e1ndose ahumamiento en comedor y otros ambientes; <\/strong>como as\u00ed tambi\u00e9n<strong> p\u00e9rdida de algunos elementos del interior del domicilio.<\/strong><\/p>\n<p>Afortunadamente <strong>no se registraron v\u00edctimas.<\/strong><\/p>\n","protected":false},"excerpt":{"rendered":"<p>El d\u00eda domingo, siendo las 02:00 horas aproximadamente, se tom\u00f3 conocimiento que en un domicilio particular de calles Centenario y 8 &#8230;<\/p>\n","protected":false},"author":7,"featured_media":572,"comment_status":"open","ping_status":"open","sticky":false,"template":"","format":"standard","meta":{"footnotes":""},"categories":[5,10],"tags":[],"class_list":["post-124033","post","type-post","status-publish","format-standard","has-post-thumbnail","hentry","category-actualidad","category-destacadas"],"_links":{"self":[{"href":"https:\/\/vinasfm.com\/noticias\/wp-json\/wp\/v2\/posts\/124033","targetHints":{"allow":["GET"]}}],"collection":[{"href":"https:\/\/vinasfm.com\/noticias\/wp-json\/wp\/v2\/posts"}],"about":[{"href":"https:\/\/vinasfm.com\/noticias\/wp-json\/wp\/v2\/types\/post"}],"author":[{"embeddable":true,"href":"https:\/\/vinasfm.com\/noticias\/wp-json\/wp\/v2\/users\/7"}],"replies":[{"embeddable":true,"href":"https:\/\/vinasfm.com\/noticias\/wp-json\/wp\/v2\/comments?post=124033"}],"version-history":[{"count":1,"href":"https:\/\/vinasfm.com\/noticias\/wp-json\/wp\/v2\/posts\/124033\/revisions"}],"predecessor-version":[{"id":124034,"href":"https:\/\/vinasfm.com\/noticias\/wp-json\/wp\/v2\/posts\/124033\/revisions\/124034"}],"wp:featuredmedia":[{"embeddable":true,"href":"https:\/\/vinasfm.com\/noticias\/wp-json\/wp\/v2\/media\/572"}],"wp:attachment":[{"href":"https:\/\/vinasfm.com\/noticias\/wp-json\/wp\/v2\/media?parent=124033"}],"wp:term":[{"taxonomy":"category","embeddable":true,"href":"https:\/\/vinasfm.com\/noticias\/wp-json\/wp\/v2\/categories?post=124033"},{"taxonomy":"post_tag","embeddable":true,"href":"https:\/\/vinasfm.com\/noticias\/wp-json\/wp\/v2\/tags?post=124033"}],"curies":[{"name":"wp","href":"https:\/\/api.w.org\/{rel}","templated":true}]}}