{"id":124018,"date":"2023-07-01T10:23:18","date_gmt":"2023-07-01T13:23:18","guid":{"rendered":"https:\/\/vinasfm.com\/noticias\/?p=124018"},"modified":"2023-07-03T08:24:18","modified_gmt":"2023-07-03T11:24:18","slug":"tenes-planes-para-el-fin-de-semana-agenda-cultural-5","status":"publish","type":"post","link":"https:\/\/vinasfm.com\/noticias\/tenes-planes-para-el-fin-de-semana-agenda-cultural-5\/","title":{"rendered":"\u00bfTENES PLANES PARA EL FIN DE SEMANA? AGENDA CULTURAL"},"content":{"rendered":"<p><strong>General Alvear propone diversas actividades para el primer fin de semana de julio<\/strong><\/p>\n<h2>\u00bfLo tuyo es la naturaleza?<\/h2>\n<ul>\n<li>Costanera Alvear abierto de jueves a domingo, de 14:30 a 20:30h<\/li>\n<li>Reserva municipal El Trapal, todos los d\u00edas de 10 a 19h<\/li>\n<\/ul>\n<h2>O tal vez te gusta disfrutar del arte<\/h2>\n<ul>\n<li>Multiespacio cultural Bodega Fara\u00f3n s\u00e1bados, domingos y feriados de 10 a 17h<\/li>\n<li>Museo municipal del Inmigrante s\u00e1bados, domingos y feriados de 9 a 12hs y de 16 a 19h<\/li>\n<li>Museo de Ciencias Naturales Rafael Reinoso s\u00e1bados, domingos y feriados 14:30 a 18:30h<\/li>\n<\/ul>\n<h2>O quiz\u00e1s prefieras pasar el fin de semana mirando pel\u00edculas<\/h2>\n<h3>Cartelera 3D:<\/h3>\n<ul>\n<li>ELEMENTAL; 16:00H<\/li>\n<\/ul>\n<h2>CARTELER 2D:<\/h2>\n<ul>\n<li>The Flash; 18:30h<\/li>\n<li>Indiana Jones; 21:30h<\/li>\n<\/ul>\n<p><a href=\"https:\/\/vinasfm.com\/noticias\/wp-content\/uploads\/2023\/07\/WhatsApp-Image-2023-07-01-at-10.12.17.jpeg\"><img loading=\"lazy\" decoding=\"async\" class=\"alignnone wp-image-124019\" src=\"https:\/\/vinasfm.com\/noticias\/wp-content\/uploads\/2023\/07\/WhatsApp-Image-2023-07-01-at-10.12.17.jpeg\" alt=\"\" width=\"500\" height=\"529\" srcset=\"https:\/\/vinasfm.com\/noticias\/wp-content\/uploads\/2023\/07\/WhatsApp-Image-2023-07-01-at-10.12.17.jpeg 1513w, https:\/\/vinasfm.com\/noticias\/wp-content\/uploads\/2023\/07\/WhatsApp-Image-2023-07-01-at-10.12.17-284x300.jpeg 284w, https:\/\/vinasfm.com\/noticias\/wp-content\/uploads\/2023\/07\/WhatsApp-Image-2023-07-01-at-10.12.17-968x1024.jpeg 968w, https:\/\/vinasfm.com\/noticias\/wp-content\/uploads\/2023\/07\/WhatsApp-Image-2023-07-01-at-10.12.17-768x812.jpeg 768w, https:\/\/vinasfm.com\/noticias\/wp-content\/uploads\/2023\/07\/WhatsApp-Image-2023-07-01-at-10.12.17-1452x1536.jpeg 1452w\" sizes=\"auto, (max-width: 500px) 100vw, 500px\" \/><\/a><\/p>\n<h2>S\u00e1bado 1 de julio<\/h2>\n<ul>\n<li>D\u00eda nacional del historiador<\/li>\n<li>D\u00eda del Ingeniero Qu\u00edmico<\/li>\n<li>D\u00eda del Cooperativismo<\/li>\n<li>D\u00eda Mundial del Reggae<\/li>\n<li>D\u00eda del Arquitecto, dispuesto por la Uni\u00f3n Internacional de<\/li>\n<li>Arquitectos<\/li>\n<li>D\u00eda Internacional del chiste<\/li>\n<\/ul>\n<h3>Actividades<\/h3>\n<p><strong>Fiesta provincial y Festejos Patronales San Pedro Ap\u00f3stol<\/strong><\/p>\n<ul>\n<li>9h Apertura de stands;<\/li>\n<li>10h Festival H\u00edpico en el predio de los festejos patronales;<\/li>\n<li>19h Peatonal en el escenario de los Festejos Patronales San Pedro.<\/li>\n<\/ul>\n<p>&nbsp;<\/p>\n<ul>\n<li>10 a 11:30h Encuentro de ciclismo infantil en Bowen.<\/li>\n<li>14:30h Yoga con alma en Complejo Terra Nostra, Calle F y 4 a 300m de RN143 (N).<\/li>\n<li>15h Torneo Cup Star, Baila tu ritmo, en Club Ferro Carril Oeste.<\/li>\n<\/ul>\n<h2>Domingo 2 de julio<\/h2>\n<ul>\n<li>D\u00eda del Trabajador y Asistente Social<\/li>\n<li>D\u00eda mundial del OVNI<\/li>\n<\/ul>\n<h3>Actividades<\/h3>\n<p>Fiesta provincial y Festejos Patronales San Pedro Ap\u00f3stol<\/p>\n<ul>\n<li>9:30h Santa Misa en Capilla San Pedro Ap\u00f3stol;<\/li>\n<li>10:30h Desayuno de autoridades en Radio FM R\u00edo, en su inauguraci\u00f3n oficial;<\/li>\n<li>11h Acto Oficial en Plazoleta Pedro Christophersen<\/li>\n<li>12h Desfile C\u00edvico Escolar por Diagonal Pedro Christophersen;<\/li>\n<li>13h Almuerzo Oficial en el sal\u00f3n del Polideportivo de Carmensa, valor de la tarjeta $4000;<\/li>\n<li>14h Destrezas Criollas en Predio de los Festejos Patronales;<\/li>\n<li>16:30h Chocolate infantil en Predio de los Festejos Patronales;<\/li>\n<li>17:30h Espect\u00e1culos Art\u00edsticos y Premiaci\u00f3n de las Destrezas Criollas, se presentar\u00e1 Ballet Municipal de Folklore, Ballet Ucraniano, Las voces del Atuel, La Rienda, Agua cristal;<\/li>\n<li>20:30h encendido de la tradicional fogata<\/li>\n<\/ul>\n<p><strong>Desaf\u00edo El Trapal, horarios de largada: 10h promocionales, 11h competitiva. Inscripciones en:<\/strong> <a href=\"http:\/\/desafiotrapal.alvearmendoza.gob.ar\">http:\/\/desafiotrapal.alvearmendoza.gob.ar<\/a>, $150.000 en premios.<\/p>\n","protected":false},"excerpt":{"rendered":"<p>General Alvear propone diversas actividades para el primer fin de semana de julio \u00bfLo tuyo es la naturaleza? Costanera Alvear abierto &#8230;<\/p>\n","protected":false},"author":7,"featured_media":124020,"comment_status":"open","ping_status":"open","sticky":false,"template":"","format":"standard","meta":{"footnotes":""},"categories":[1],"tags":[],"class_list":["post-124018","post","type-post","status-publish","format-standard","has-post-thumbnail","hentry","category-fmvinas"],"_links":{"self":[{"href":"https:\/\/vinasfm.com\/noticias\/wp-json\/wp\/v2\/posts\/124018","targetHints":{"allow":["GET"]}}],"collection":[{"href":"https:\/\/vinasfm.com\/noticias\/wp-json\/wp\/v2\/posts"}],"about":[{"href":"https:\/\/vinasfm.com\/noticias\/wp-json\/wp\/v2\/types\/post"}],"author":[{"embeddable":true,"href":"https:\/\/vinasfm.com\/noticias\/wp-json\/wp\/v2\/users\/7"}],"replies":[{"embeddable":true,"href":"https:\/\/vinasfm.com\/noticias\/wp-json\/wp\/v2\/comments?post=124018"}],"version-history":[{"count":3,"href":"https:\/\/vinasfm.com\/noticias\/wp-json\/wp\/v2\/posts\/124018\/revisions"}],"predecessor-version":[{"id":124036,"href":"https:\/\/vinasfm.com\/noticias\/wp-json\/wp\/v2\/posts\/124018\/revisions\/124036"}],"wp:featuredmedia":[{"embeddable":true,"href":"https:\/\/vinasfm.com\/noticias\/wp-json\/wp\/v2\/media\/124020"}],"wp:attachment":[{"href":"https:\/\/vinasfm.com\/noticias\/wp-json\/wp\/v2\/media?parent=124018"}],"wp:term":[{"taxonomy":"category","embeddable":true,"href":"https:\/\/vinasfm.com\/noticias\/wp-json\/wp\/v2\/categories?post=124018"},{"taxonomy":"post_tag","embeddable":true,"href":"https:\/\/vinasfm.com\/noticias\/wp-json\/wp\/v2\/tags?post=124018"}],"curies":[{"name":"wp","href":"https:\/\/api.w.org\/{rel}","templated":true}]}}