{"id":124011,"date":"2023-07-01T09:54:33","date_gmt":"2023-07-01T12:54:33","guid":{"rendered":"https:\/\/vinasfm.com\/noticias\/?p=124011"},"modified":"2023-07-03T10:52:29","modified_gmt":"2023-07-03T13:52:29","slug":"en-el-hcd-se-dicto-una-capacitacion-destinada-a-emprendedores","status":"publish","type":"post","link":"https:\/\/vinasfm.com\/noticias\/en-el-hcd-se-dicto-una-capacitacion-destinada-a-emprendedores\/","title":{"rendered":"IMPORTANTE JORNADA DE CREATIVIDAD E INNOVACI\u00d3N PARA EMPRENDIMIENTOS LOCALES"},"content":{"rendered":"<p><strong>Durante la ma\u00f1ana de ayer, en el sal\u00f3n San Mart\u00edn del Concejo Deliberante, se desarroll\u00f3 una Jornada de Creatividad e Innovaci\u00f3n para Emprendimientos Locales, organizada en forma conjunta por la Oficina de Empleo de la municipalidad y el \u00c1rea de Desarrollo Territorial de la UNCuyo.<\/strong><\/p>\n<p>La Jornada de Creatividad e Innovaci\u00f3n para Emprendimientos Locales tuvo un taller te\u00f3rico pr\u00e1ctico, con el objetivo de formar en competencias y herramientas para la innovaci\u00f3n comercial. Estuvo destinada a estudiantes, emprendedores, empresarios, equipos de trabajo de instituciones p\u00fablicas, privadas, ONG y a personas interesadas en la tem\u00e1tica.<\/p>\n<p>El Coordinador de la Oficina de Empleo Ezequiel Kapluk explic\u00f3 que se brindaron herramientas novedosas que se pueden aplicar en comercios, se trabajaron soluciones innovadoras a problemas que surgen a la hora de formular un proyecto. Adem\u00e1s, participaron los chicos de la Escuela de Comercio y del Colegio San Mart\u00edn.<\/p>\n<p>Por su parte, la representante de Desarrollo Territorial de la UNCuyo Patricia Cereso resalt\u00f3 el trabajo conjunto entre la Oficina de Empleo con la Universidad Nacional de Cuyo para poder dictar esta capacitaci\u00f3n en General Alvear, estuvo principalmente destinada a emprendedores, dado que se ense\u00f1aron las nuevas t\u00e9cnicas y maneras nuevas de enfocar un emprendimiento. Igualmente, se hicieron presentes los alumnos de quinto a\u00f1o de la Escuela N\u00b0 4-144 12 de agosto y del Colegio San Mart\u00edn, porque tienen una materia relacionada a elaboraci\u00f3n de proyectos.<\/p>\n<p>La Capacitadora M\u00f3nica Garc\u00eda detall\u00f3 que estuvieron articulando y formando a emprendedores.<strong><em> \u00abEn conjunto, nos animamos a pensar las competencias necesarias para tomar los desaf\u00edos de este mundo laboral y emprendedor, animamos a los chicos a que se metan en los problemas, ellos tra\u00edan problemas locales y empezamos a pensar productos innovadores. Con el fin de incorporar herramientas, como el pensamiento del dise\u00f1o, mapas de empat\u00eda, de propuestas en valor, pensar en el cliente, puesta en valor de problemas y soluciones\u00bb.<\/em><\/strong><\/p>\n<p><em><strong>\u201cEn principio, identificaron personas con problemas, luego, los mejores productos para resolver esos problemas sociales, para al final defender ante un jurado, que puede ser un posible inversor, las mejores ideas. Para ello, se hace un entrenamiento de las distintas habilidades de comunicaci\u00f3n, creatividad, negociaci\u00f3n y trabajo en equipo, para pensar alternativas de soluci\u00f3n que hoy no existen\u201d.<\/strong><\/em><\/p>\n","protected":false},"excerpt":{"rendered":"<p>Durante la ma\u00f1ana de ayer, en el sal\u00f3n San Mart\u00edn del Concejo Deliberante, se desarroll\u00f3 una Jornada de Creatividad e Innovaci\u00f3n &#8230;<\/p>\n","protected":false},"author":7,"featured_media":124014,"comment_status":"open","ping_status":"open","sticky":false,"template":"","format":"standard","meta":{"footnotes":""},"categories":[5,18],"tags":[],"class_list":["post-124011","post","type-post","status-publish","format-standard","has-post-thumbnail","hentry","category-actualidad","category-educacion"],"_links":{"self":[{"href":"https:\/\/vinasfm.com\/noticias\/wp-json\/wp\/v2\/posts\/124011","targetHints":{"allow":["GET"]}}],"collection":[{"href":"https:\/\/vinasfm.com\/noticias\/wp-json\/wp\/v2\/posts"}],"about":[{"href":"https:\/\/vinasfm.com\/noticias\/wp-json\/wp\/v2\/types\/post"}],"author":[{"embeddable":true,"href":"https:\/\/vinasfm.com\/noticias\/wp-json\/wp\/v2\/users\/7"}],"replies":[{"embeddable":true,"href":"https:\/\/vinasfm.com\/noticias\/wp-json\/wp\/v2\/comments?post=124011"}],"version-history":[{"count":3,"href":"https:\/\/vinasfm.com\/noticias\/wp-json\/wp\/v2\/posts\/124011\/revisions"}],"predecessor-version":[{"id":124017,"href":"https:\/\/vinasfm.com\/noticias\/wp-json\/wp\/v2\/posts\/124011\/revisions\/124017"}],"wp:featuredmedia":[{"embeddable":true,"href":"https:\/\/vinasfm.com\/noticias\/wp-json\/wp\/v2\/media\/124014"}],"wp:attachment":[{"href":"https:\/\/vinasfm.com\/noticias\/wp-json\/wp\/v2\/media?parent=124011"}],"wp:term":[{"taxonomy":"category","embeddable":true,"href":"https:\/\/vinasfm.com\/noticias\/wp-json\/wp\/v2\/categories?post=124011"},{"taxonomy":"post_tag","embeddable":true,"href":"https:\/\/vinasfm.com\/noticias\/wp-json\/wp\/v2\/tags?post=124011"}],"curies":[{"name":"wp","href":"https:\/\/api.w.org\/{rel}","templated":true}]}}