{"id":123908,"date":"2023-06-28T11:37:00","date_gmt":"2023-06-28T14:37:00","guid":{"rendered":"https:\/\/vinasfm.com\/noticias\/?p=123908"},"modified":"2023-06-29T14:00:59","modified_gmt":"2023-06-29T17:00:59","slug":"el-comisario-ivan-bermudez-explico-el-motivo-de-la-gran-presencia-de-transito-pesado-circulando-por-el-departamento","status":"publish","type":"post","link":"https:\/\/vinasfm.com\/noticias\/el-comisario-ivan-bermudez-explico-el-motivo-de-la-gran-presencia-de-transito-pesado-circulando-por-el-departamento\/","title":{"rendered":"EL COMISARIO IV\u00c1N BERM\u00daDEZ EXPLIC\u00d3 EL MOTIVO DE LA GRAN PRESENCIA DE TRANSITO PESADO CIRCULANDO POR EL DEPARTAMENTO"},"content":{"rendered":"<p><strong>Debido al cierre de los pasos internacionales en la provincia, muchos transportistas deber\u00e1n optar por pasos hacia el sur, transitando por el departamento.<\/strong><\/p>\n<p><strong><em>\u201cSe han impartido directivas en donde el personal deber\u00e1 informar a los transportistas, que se dirigen hacia el norte, que el Paso Cristo Redentor est\u00e1 cerrado y no podr\u00e1n seguir circulando\u201d,<\/em><\/strong> expres\u00f3 el <span style=\"color: #800080;\"><strong>Comisario Iv\u00e1n Berm\u00fadez.<\/strong> <\/span>Por tal motivo, camiones que se encontraban en el norte de la provincia comenzar\u00e1n a dirigirse hacia el sur del pa\u00eds.<\/p>\n<p><strong><em>\u201cEntendemos que los transportistas ya est\u00e1n transitando por el departamento pero no est\u00e1n respetando el desv\u00edo de camiones\u201d<\/em><\/strong> manifest\u00f3 Berm\u00fadez y agreg\u00f3 <strong><em>\u201ces importante que trabajemos, en conjunto a la Polic\u00eda Vial, para controlar la situaci\u00f3n\u201d. <\/em><\/strong><\/p>\n<p>En este contexto, es importan poner como prioridad la seguridad de la ciudadan\u00eda; por lo tanto los transportistas tienen la obligaci\u00f3n de respetar el paso autorizado para la carga pesada en el departamento.<\/p>\n","protected":false},"excerpt":{"rendered":"<p>Debido al cierre de los pasos internacionales en la provincia, muchos transportistas deber\u00e1n optar por pasos hacia el sur, transitando por &#8230;<\/p>\n","protected":false},"author":7,"featured_media":123909,"comment_status":"open","ping_status":"open","sticky":false,"template":"","format":"standard","meta":{"footnotes":""},"categories":[5,10],"tags":[],"class_list":["post-123908","post","type-post","status-publish","format-standard","has-post-thumbnail","hentry","category-actualidad","category-destacadas"],"_links":{"self":[{"href":"https:\/\/vinasfm.com\/noticias\/wp-json\/wp\/v2\/posts\/123908","targetHints":{"allow":["GET"]}}],"collection":[{"href":"https:\/\/vinasfm.com\/noticias\/wp-json\/wp\/v2\/posts"}],"about":[{"href":"https:\/\/vinasfm.com\/noticias\/wp-json\/wp\/v2\/types\/post"}],"author":[{"embeddable":true,"href":"https:\/\/vinasfm.com\/noticias\/wp-json\/wp\/v2\/users\/7"}],"replies":[{"embeddable":true,"href":"https:\/\/vinasfm.com\/noticias\/wp-json\/wp\/v2\/comments?post=123908"}],"version-history":[{"count":1,"href":"https:\/\/vinasfm.com\/noticias\/wp-json\/wp\/v2\/posts\/123908\/revisions"}],"predecessor-version":[{"id":123910,"href":"https:\/\/vinasfm.com\/noticias\/wp-json\/wp\/v2\/posts\/123908\/revisions\/123910"}],"wp:featuredmedia":[{"embeddable":true,"href":"https:\/\/vinasfm.com\/noticias\/wp-json\/wp\/v2\/media\/123909"}],"wp:attachment":[{"href":"https:\/\/vinasfm.com\/noticias\/wp-json\/wp\/v2\/media?parent=123908"}],"wp:term":[{"taxonomy":"category","embeddable":true,"href":"https:\/\/vinasfm.com\/noticias\/wp-json\/wp\/v2\/categories?post=123908"},{"taxonomy":"post_tag","embeddable":true,"href":"https:\/\/vinasfm.com\/noticias\/wp-json\/wp\/v2\/tags?post=123908"}],"curies":[{"name":"wp","href":"https:\/\/api.w.org\/{rel}","templated":true}]}}