{"id":123901,"date":"2023-06-28T10:24:56","date_gmt":"2023-06-28T13:24:56","guid":{"rendered":"https:\/\/vinasfm.com\/noticias\/?p=123901"},"modified":"2023-06-29T09:34:27","modified_gmt":"2023-06-29T12:34:27","slug":"uno-por-uno-todos-los-aumentos-que-se-vienen-en-julio","status":"publish","type":"post","link":"https:\/\/vinasfm.com\/noticias\/uno-por-uno-todos-los-aumentos-que-se-vienen-en-julio\/","title":{"rendered":"UNO POR UNO, TODOS LOS AUMENTOS QUE SE VIENEN EN JULIO"},"content":{"rendered":"<p><strong>El bolsillo de los argentinos volver\u00e1 a sufrir incrementos programados en algunos servicios que impactar\u00e1n en la inflaci\u00f3n.<\/strong><\/p>\n<p>Tras cobrar el aguinaldo, el bolsillo de los argentinos volver\u00e1 a sufrir los aumentos programados en algunos servicios, que impactar\u00e1n en la inflaci\u00f3n de julio.<\/p>\n<p>El comienzo de un nuevo mes trae la ya habitual actualizaci\u00f3n en los valores de alquileres, cuotas de medicina prepaga, personal dom\u00e9stico, combustibles y otros.<\/p>\n<h2 id=\"h-combustibles\" class=\"wp-block-heading\">Combustibles<\/h2>\n<p>Tras la pol\u00e9mica entre el Gobierno y las petroleras por convalidar un mayor aumento en el mes de junio (que finalmente culmin\u00f3 en un 4,5%), las compa\u00f1\u00edas podr\u00e1n aumentar con un tope del 4%.<\/p>\n<p>El ajuste mensual se produce en el marco del programa \u201cPrecios Justos\u201d, firmado por la Secretar\u00eda de Energ\u00eda de la Naci\u00f3n con las empresas YPF, PAE (por la marca Axion), Ra\u00edzen (Shell) y Trafigura (Puma), que se extiende desde el 15 de abril hasta el 15 de agosto.<\/p>\n<h2 class=\"wp-block-heading\">Alquileres<\/h2>\n<p>Aquellos inquilinos que en el mes de junio cumplan uno o dos a\u00f1os desde la firma del contrato de locaci\u00f3n, deben afrontar un aumento m\u00ednimo del 104% en el canon.<\/p>\n<p>Por tanto, tienen que pagar desde julio y por doce meses\u00a0m\u00e1s del doble\u00a0de lo que ven\u00edan abonando hasta este mes.<\/p>\n<h2 class=\"wp-block-heading\">Prepagas<\/h2>\n<p>Las cuotas de medicina prepaga se incrementan de manera autom\u00e1tica desde febrero, y en el mes de julio el aumento ser\u00e1 de 8,5%.<\/p>\n<p>Los anteriores ajustes fueron de 8,21% en febrero; 7,66% en marzo; 2,36% en en abril; 4,76% en mayo; 5,49% en junio. La suba acumulada en el a\u00f1o, con el aumento de julio, ser\u00e1 de 43%.<\/p>\n<p>Cabe resaltar que aquellos afiliados con ingresos netos por debajo de seis salarios m\u00ednimos ($507.072) pueden pedir que se les aplique un porcentaje de incremento menor en las cuotas. Para esos usuarios, la f\u00f3rmula de ajuste es diferente y equivale al 90% de la evoluci\u00f3n de los salarios por el \u00edndice Ripte.<\/p>\n<h2 id=\"h-empleadas-domesticas\" class=\"wp-block-heading\">Empleadas dom\u00e9sticas<\/h2>\n<p>La Comisi\u00f3n Nacional de Trabajo en Casas Particulares acord\u00f3 un aumento del 27% a abonarse en tres cuotas. El tercer aumento tuvo lugar en el mes de junio pero se abonar\u00e1 en el mes de julio: el mismo es del 6%.<\/p>\n<p>De este modo, el sueldo por hora con retiro de las personas que realizan tareas generales en casas particulares ser\u00e1 de $776 desde este mes, mientras que el sueldo por hora sin retiro queda en $837.<\/p>\n<h2 class=\"wp-block-heading\">Internet, cable y telefon\u00eda<\/h2>\n<p>El Gobierno autoriz\u00f3 aumentos mensuales de las tarifas de la televisi\u00f3n paga, de telefon\u00eda y de internet desde mayo hasta diciembre de 2023. En julio, el incremento ser\u00e1 de 4,5%.<\/p>\n<p>\u201cA partir del primer d\u00eda de cada mes posterior a mayo de 2023, sucesivamente y hasta diciembre de 2023 inclusive, las Licenciatarias aludidas podr\u00e1n aplicar un nuevo incremento mensual en un porcentaje de hasta el 4,5% sobre los mismos precios, tomando como referencia los valores actualizados al \u00faltimo d\u00eda del mes anterior y de conformidad con los t\u00e9rminos del p\u00e1rrafo precedente\u201d, explic\u00f3 el ENACOM.<\/p>\n<h2 id=\"h-la-inflacion-de-junio\" class=\"wp-block-heading\">La inflaci\u00f3n de junio<\/h2>\n<p>Analistas privados y funcionarios del Ministerio de Econom\u00eda esperan que la<strong>\u00a0inflaci\u00f3n\u00a0<\/strong>de junio muestre una leve\u00a0<strong>desaceleraci\u00f3n\u00a0<\/strong>con respecto al 7,8% que arroj\u00f3 el mes de mayo y se colocar\u00eda en torno al 7% en el sexto mes del a\u00f1o.<\/p>\n<p>&nbsp;<\/p>\n","protected":false},"excerpt":{"rendered":"<p>El bolsillo de los argentinos volver\u00e1 a sufrir incrementos programados en algunos servicios que impactar\u00e1n en la inflaci\u00f3n. Tras cobrar el &#8230;<\/p>\n","protected":false},"author":7,"featured_media":123903,"comment_status":"open","ping_status":"open","sticky":false,"template":"","format":"standard","meta":{"footnotes":""},"categories":[5,169],"tags":[],"class_list":["post-123901","post","type-post","status-publish","format-standard","has-post-thumbnail","hentry","category-actualidad","category-aumentos"],"_links":{"self":[{"href":"https:\/\/vinasfm.com\/noticias\/wp-json\/wp\/v2\/posts\/123901","targetHints":{"allow":["GET"]}}],"collection":[{"href":"https:\/\/vinasfm.com\/noticias\/wp-json\/wp\/v2\/posts"}],"about":[{"href":"https:\/\/vinasfm.com\/noticias\/wp-json\/wp\/v2\/types\/post"}],"author":[{"embeddable":true,"href":"https:\/\/vinasfm.com\/noticias\/wp-json\/wp\/v2\/users\/7"}],"replies":[{"embeddable":true,"href":"https:\/\/vinasfm.com\/noticias\/wp-json\/wp\/v2\/comments?post=123901"}],"version-history":[{"count":1,"href":"https:\/\/vinasfm.com\/noticias\/wp-json\/wp\/v2\/posts\/123901\/revisions"}],"predecessor-version":[{"id":123902,"href":"https:\/\/vinasfm.com\/noticias\/wp-json\/wp\/v2\/posts\/123901\/revisions\/123902"}],"wp:featuredmedia":[{"embeddable":true,"href":"https:\/\/vinasfm.com\/noticias\/wp-json\/wp\/v2\/media\/123903"}],"wp:attachment":[{"href":"https:\/\/vinasfm.com\/noticias\/wp-json\/wp\/v2\/media?parent=123901"}],"wp:term":[{"taxonomy":"category","embeddable":true,"href":"https:\/\/vinasfm.com\/noticias\/wp-json\/wp\/v2\/categories?post=123901"},{"taxonomy":"post_tag","embeddable":true,"href":"https:\/\/vinasfm.com\/noticias\/wp-json\/wp\/v2\/tags?post=123901"}],"curies":[{"name":"wp","href":"https:\/\/api.w.org\/{rel}","templated":true}]}}