{"id":123897,"date":"2023-06-28T09:15:56","date_gmt":"2023-06-28T12:15:56","guid":{"rendered":"https:\/\/vinasfm.com\/noticias\/?p=123897"},"modified":"2023-06-29T09:24:50","modified_gmt":"2023-06-29T12:24:50","slug":"marcolini-se-encuentra-en-israel-participando-de-resiliencia-del-agua-y-preparacion-para-emergencias-2023","status":"publish","type":"post","link":"https:\/\/vinasfm.com\/noticias\/marcolini-se-encuentra-en-israel-participando-de-resiliencia-del-agua-y-preparacion-para-emergencias-2023\/","title":{"rendered":"MARCOLINI SE ENCUENTRA EN ISRAEL PARTICIPANDO DE &#8216;RESILIENCIA DEL AGUA Y PREPARACI\u00d3N PARA EMERGENCIAS 2023\u2019"},"content":{"rendered":"<p><strong>El objetivo de este evento es crear el marco \u00f3ptimo para compartir estas experiencias y brindarte la oportunidad de encontrar tecnolog\u00edas que puedan ayudarte a combatir la escasez de agua causada por el cambio clim\u00e1tico.<\/strong><\/p>\n<p>El Sr. Intendente se encuentra en Israel participando de <strong>\u2018Resiliencia del Agua y Preparaci\u00f3n para Emergencias 2023\u2019<\/strong>, el evento que busca trabajar en el uso y reutilizaci\u00f3n del agua. La industria del agua israel\u00ed representa un amplio espectro de empresas que ofrecen diversas tecnolog\u00edas para la escasez de agua debido al cambio clim\u00e1tico.<\/p>\n<p><strong><em>\u201cEstamos haciendo un importante intercambio de conocimientos, conocimos tecnolog\u00edas que pueden ser aplicadas en distintos parajes en los que es muy dif\u00edcil acceder al agua potable. Tambi\u00e9n hablamos de la econom\u00eda circular a partir del aprovechamiento de desechos y sin lugar a dudas es un avance muy importante\u201d,<\/em><\/strong> expres\u00f3 Walther Marcolini quien fue invitado por el Ministerio de Econom\u00eda de Israel.<\/p>\n<p>Del encuentro participan m\u00e1s de 40 delegaciones provenientes de todas partes del mundo. La delegaci\u00f3n argentina est\u00e1 compuesta por 6 participantes, de los cuales hay dos representantes del sector p\u00fablico; el Superintendente de Irrigaci\u00f3n de R\u00edo Negro y Marcolini.<\/p>\n<p>Dentro de las conferencias que forman parte de la agenda destac\u00f3 la de un expositor turco. <strong><em>\u201cHabl\u00f3 de c\u00f3mo solucionaron las l\u00edneas de agua potable y las redes cloacales despu\u00e9s del fuerte terremoto que pasaron, entendimos que cuentan con la tecnolog\u00eda necesaria para salir de estas situaciones y que los dem\u00e1s gobiernos tambi\u00e9n debemos estar preparados\u201d. <\/em><\/strong><\/p>\n<p>Marcolini conoci\u00f3 c\u00f3mo es vista Argentina desde otros pa\u00edses, <strong><em>\u201chay un nivel de preocupaci\u00f3n muy grande por la crisis econ\u00f3mica que atravesamos y por la imposibilidad de manejar la inflaci\u00f3n, eso genera trabas a la hora de generar negocios de importaci\u00f3n y exportaci\u00f3n\u201d. <\/em><\/strong><\/p>\n<p>Adem\u00e1s remarc\u00f3 que <strong><em>\u201csalir al mundo sirve para aprender, pero es fundamental profundizar en el conocimiento y mantenerlo a lo largo del tiempo\u201d.<\/em><\/strong><\/p>\n<p><strong><em>\u00a0\u201cIsrael es un pa\u00eds que est\u00e1 a la vanguardia, hemos dialogado con importantes empresas de aqu\u00ed que buscan representantes en argentina. Tambi\u00e9n hablamos sobre planes de desarrollo tecnol\u00f3gico para UGACOOP y la posibilidad de comenzar convenios con Technion, un polo tecnol\u00f3gico muy importante\u201d,<\/em><\/strong> detall\u00f3 Marcolini desde Tel Aviv.<\/p>\n<p><a href=\"https:\/\/vinasfm.com\/noticias\/wp-content\/uploads\/2023\/06\/main-c4d642d0ee81c77444a9ffebc912ae7c.jpeg\"><img loading=\"lazy\" decoding=\"async\" class=\"alignnone size-full wp-image-123898\" src=\"https:\/\/vinasfm.com\/noticias\/wp-content\/uploads\/2023\/06\/main-c4d642d0ee81c77444a9ffebc912ae7c.jpeg\" alt=\"\" width=\"1310\" height=\"281\" srcset=\"https:\/\/vinasfm.com\/noticias\/wp-content\/uploads\/2023\/06\/main-c4d642d0ee81c77444a9ffebc912ae7c.jpeg 1310w, https:\/\/vinasfm.com\/noticias\/wp-content\/uploads\/2023\/06\/main-c4d642d0ee81c77444a9ffebc912ae7c-300x64.jpeg 300w, https:\/\/vinasfm.com\/noticias\/wp-content\/uploads\/2023\/06\/main-c4d642d0ee81c77444a9ffebc912ae7c-1024x220.jpeg 1024w, https:\/\/vinasfm.com\/noticias\/wp-content\/uploads\/2023\/06\/main-c4d642d0ee81c77444a9ffebc912ae7c-768x165.jpeg 768w\" sizes=\"auto, (max-width: 1310px) 100vw, 1310px\" \/><\/a><\/p>\n<p><strong>\u2018Resiliencia del Agua y Preparaci\u00f3n para Emergencias 2023\u2019, <\/strong>inici\u00f3 el lunes 26 y culminar\u00e1 este 29 de junio. <strong>\u201cHay todo un mundo por conocer y con el que debemos relacionarnos\u201d, concluy\u00f3 el Sr. Intendente Walther Marcolini. <\/strong><\/p>\n","protected":false},"excerpt":{"rendered":"<p>El objetivo de este evento es crear el marco \u00f3ptimo para compartir estas experiencias y brindarte la oportunidad de encontrar tecnolog\u00edas &#8230;<\/p>\n","protected":false},"author":7,"featured_media":123899,"comment_status":"open","ping_status":"open","sticky":false,"template":"","format":"standard","meta":{"footnotes":""},"categories":[5,10],"tags":[],"class_list":["post-123897","post","type-post","status-publish","format-standard","has-post-thumbnail","hentry","category-actualidad","category-destacadas"],"_links":{"self":[{"href":"https:\/\/vinasfm.com\/noticias\/wp-json\/wp\/v2\/posts\/123897","targetHints":{"allow":["GET"]}}],"collection":[{"href":"https:\/\/vinasfm.com\/noticias\/wp-json\/wp\/v2\/posts"}],"about":[{"href":"https:\/\/vinasfm.com\/noticias\/wp-json\/wp\/v2\/types\/post"}],"author":[{"embeddable":true,"href":"https:\/\/vinasfm.com\/noticias\/wp-json\/wp\/v2\/users\/7"}],"replies":[{"embeddable":true,"href":"https:\/\/vinasfm.com\/noticias\/wp-json\/wp\/v2\/comments?post=123897"}],"version-history":[{"count":1,"href":"https:\/\/vinasfm.com\/noticias\/wp-json\/wp\/v2\/posts\/123897\/revisions"}],"predecessor-version":[{"id":123900,"href":"https:\/\/vinasfm.com\/noticias\/wp-json\/wp\/v2\/posts\/123897\/revisions\/123900"}],"wp:featuredmedia":[{"embeddable":true,"href":"https:\/\/vinasfm.com\/noticias\/wp-json\/wp\/v2\/media\/123899"}],"wp:attachment":[{"href":"https:\/\/vinasfm.com\/noticias\/wp-json\/wp\/v2\/media?parent=123897"}],"wp:term":[{"taxonomy":"category","embeddable":true,"href":"https:\/\/vinasfm.com\/noticias\/wp-json\/wp\/v2\/categories?post=123897"},{"taxonomy":"post_tag","embeddable":true,"href":"https:\/\/vinasfm.com\/noticias\/wp-json\/wp\/v2\/tags?post=123897"}],"curies":[{"name":"wp","href":"https:\/\/api.w.org\/{rel}","templated":true}]}}