{"id":123886,"date":"2023-06-28T09:10:01","date_gmt":"2023-06-28T12:10:01","guid":{"rendered":"https:\/\/vinasfm.com\/noticias\/?p=123886"},"modified":"2023-06-29T09:24:35","modified_gmt":"2023-06-29T12:24:35","slug":"el-director-de-deportes-brindo-detalles-sobre-las-actividades-de-julio","status":"publish","type":"post","link":"https:\/\/vinasfm.com\/noticias\/el-director-de-deportes-brindo-detalles-sobre-las-actividades-de-julio\/","title":{"rendered":"EL DIRECTOR DE DEPORTES BRIND\u00d3 DETALLES SOBRE LAS ACTIVIDADES DE JULIO"},"content":{"rendered":"<p><strong>Ser\u00e1 un mes con una importante actividad deportiva.<\/strong><\/p>\n<p><em><strong>\u201cEl pr\u00f3ximo s\u00e1bado, 1 de julio, tenemos un encuentro de ciclismo infantil que se realizar\u00e1 en Bowen\u201d<\/strong><\/em>, indic\u00f3 el Director de Deporte Jorge P\u00e1ez. El encuentro estar\u00e1 a cargo de los profesores de la escuelita municipal; Sergio Ca\u00f1ada, Mariano Preli y Lourdes Moncada. <em><strong>\u201cSe busca darle una verdadera participaci\u00f3n a los m\u00e1s chiquititos, para que lo puedan disfrutar, compartir un lindo desayuno entre todos y les quede un buen recuerdo\u201d<\/strong><\/em>, expres\u00f3.<\/p>\n<h2>DESAF\u00cdO EL TRAPAL<\/h2>\n<p>El domingo, 2 de julio, ser\u00e1 la carrera \u2018Desaf\u00edo El Trapal\u2019,<strong><em> \u201ces una carrera que ha ido creciendo con el tiempo. Ser\u00e1 en la laguna natural que tiene General Alvear y se ha recuperado muy bien\u201d.<\/em><\/strong> La laguna \u2018El Trapal\u2019 cuenta con un circuito de mountain bike, de 7 kil\u00f3metros, con un terreno muy diverso. Sobre la carrea indic\u00f3, <strong><em>\u201cser\u00e1 un circuito de 7km que se recorrer\u00e1 en 5 oportunidades. Para la categor\u00eda promocional ser\u00e1n 2 giros\u201d.<\/em><\/strong><\/p>\n<p><a href=\"https:\/\/vinasfm.com\/noticias\/wp-content\/uploads\/2023\/06\/a1a6c719-f4c7-47dd-b7d6-f0e8100b6efa.jpg\"><img loading=\"lazy\" decoding=\"async\" class=\"wp-image-123888 aligncenter\" src=\"https:\/\/vinasfm.com\/noticias\/wp-content\/uploads\/2023\/06\/a1a6c719-f4c7-47dd-b7d6-f0e8100b6efa.jpg\" alt=\"\" width=\"500\" height=\"573\" srcset=\"https:\/\/vinasfm.com\/noticias\/wp-content\/uploads\/2023\/06\/a1a6c719-f4c7-47dd-b7d6-f0e8100b6efa.jpg 1063w, https:\/\/vinasfm.com\/noticias\/wp-content\/uploads\/2023\/06\/a1a6c719-f4c7-47dd-b7d6-f0e8100b6efa-262x300.jpg 262w, https:\/\/vinasfm.com\/noticias\/wp-content\/uploads\/2023\/06\/a1a6c719-f4c7-47dd-b7d6-f0e8100b6efa-893x1024.jpg 893w, https:\/\/vinasfm.com\/noticias\/wp-content\/uploads\/2023\/06\/a1a6c719-f4c7-47dd-b7d6-f0e8100b6efa-768x881.jpg 768w\" sizes=\"auto, (max-width: 500px) 100vw, 500px\" \/><\/a><\/p>\n<h3>Categor\u00edas:<\/h3>\n<ul>\n<li>Promocionales A (hasta 40 a\u00f1os) y Promocionales B (desde los 40 a\u00f1os).<\/li>\n<\/ul>\n<p>La inscripci\u00f3n a las categor\u00edas promocionales tiene un costo de $1200, para categor\u00edas superiores costar\u00e1 $2000.<\/p>\n<ul>\n<li>Elite (hasta los 29 a\u00f1os)<\/li>\n<li>M\u00e1ster A, M\u00e1ster B y M\u00e1ster C<\/li>\n<\/ul>\n<p>Los premios ser\u00e1n dinero en efectivo para las categor\u00edas competitivas y se entregar\u00e1n a los primeros tres puestos de las mismas.<em><strong> \u201cHablamos de $150.000 en premios\u201d,<\/strong><\/em> detall\u00f3.<\/p>\n<h2>CA-NAV 2023<\/h2>\n<p>Los d\u00edas 7, 8 y 9 de julio se llevar\u00e1 a cabo el 4\u00b0 Rally Raid Aventura que unir\u00e1 a General Alvear con El Nihuil. P\u00e1ez dio detalles de los circuitos.<\/p>\n<h3>Etapa 1<\/h3>\n<p><strong><em>\u201cEl primer circuito ser\u00e1 el m\u00e1s corto y recorrer\u00e1n la zona del aut\u00f3dromo\u201d.<\/em><\/strong><\/p>\n<h3>Etapa 2<\/h3>\n<p><em><strong>\u201cEste ser\u00e1 el recorrido m\u00e1s largo, ir\u00e1n hasta las Dunas de El Nihuel por el Arroyo de Los Leones y volver\u00e1n por el Cerro de los Chancos\u201d<\/strong><\/em>, indic\u00f3. Se estima que ser\u00e1 la etapa m\u00e1s dura.<\/p>\n<h3>Etapa 3<\/h3>\n<p><em><strong>\u201cEl d\u00eda domingo correr\u00e1n por La Mora y Los Huarpes, terminando en Bowen en la calle A y 22\u201d.<\/strong><\/em><\/p>\n<p>Por \u00faltimo expres\u00f3 que si bien se ha organizado la seguridad, <strong><em>\u201cse pide la colaboraci\u00f3n de los ciudadanos para evitar cualquier problema\u201d.<\/em><\/strong><\/p>\n<p><a href=\"https:\/\/vinasfm.com\/noticias\/wp-content\/uploads\/2023\/06\/cb9d32f4-2d2f-43f2-9202-eaa2550ff9ca.jpg\"><img loading=\"lazy\" decoding=\"async\" class=\"wp-image-123561 aligncenter\" src=\"https:\/\/vinasfm.com\/noticias\/wp-content\/uploads\/2023\/06\/cb9d32f4-2d2f-43f2-9202-eaa2550ff9ca.jpg\" alt=\"\" width=\"500\" height=\"607\" srcset=\"https:\/\/vinasfm.com\/noticias\/wp-content\/uploads\/2023\/06\/cb9d32f4-2d2f-43f2-9202-eaa2550ff9ca.jpg 1147w, https:\/\/vinasfm.com\/noticias\/wp-content\/uploads\/2023\/06\/cb9d32f4-2d2f-43f2-9202-eaa2550ff9ca-247x300.jpg 247w, https:\/\/vinasfm.com\/noticias\/wp-content\/uploads\/2023\/06\/cb9d32f4-2d2f-43f2-9202-eaa2550ff9ca-843x1024.jpg 843w, https:\/\/vinasfm.com\/noticias\/wp-content\/uploads\/2023\/06\/cb9d32f4-2d2f-43f2-9202-eaa2550ff9ca-768x933.jpg 768w\" sizes=\"auto, (max-width: 500px) 100vw, 500px\" \/><\/a><\/p>\n","protected":false},"excerpt":{"rendered":"<p>Ser\u00e1 un mes con una importante actividad deportiva. \u201cEl pr\u00f3ximo s\u00e1bado, 1 de julio, tenemos un encuentro de ciclismo infantil que &#8230;<\/p>\n","protected":false},"author":7,"featured_media":123889,"comment_status":"open","ping_status":"open","sticky":false,"template":"","format":"standard","meta":{"footnotes":""},"categories":[5,3],"tags":[],"class_list":["post-123886","post","type-post","status-publish","format-standard","has-post-thumbnail","hentry","category-actualidad","category-deportes"],"_links":{"self":[{"href":"https:\/\/vinasfm.com\/noticias\/wp-json\/wp\/v2\/posts\/123886","targetHints":{"allow":["GET"]}}],"collection":[{"href":"https:\/\/vinasfm.com\/noticias\/wp-json\/wp\/v2\/posts"}],"about":[{"href":"https:\/\/vinasfm.com\/noticias\/wp-json\/wp\/v2\/types\/post"}],"author":[{"embeddable":true,"href":"https:\/\/vinasfm.com\/noticias\/wp-json\/wp\/v2\/users\/7"}],"replies":[{"embeddable":true,"href":"https:\/\/vinasfm.com\/noticias\/wp-json\/wp\/v2\/comments?post=123886"}],"version-history":[{"count":1,"href":"https:\/\/vinasfm.com\/noticias\/wp-json\/wp\/v2\/posts\/123886\/revisions"}],"predecessor-version":[{"id":123890,"href":"https:\/\/vinasfm.com\/noticias\/wp-json\/wp\/v2\/posts\/123886\/revisions\/123890"}],"wp:featuredmedia":[{"embeddable":true,"href":"https:\/\/vinasfm.com\/noticias\/wp-json\/wp\/v2\/media\/123889"}],"wp:attachment":[{"href":"https:\/\/vinasfm.com\/noticias\/wp-json\/wp\/v2\/media?parent=123886"}],"wp:term":[{"taxonomy":"category","embeddable":true,"href":"https:\/\/vinasfm.com\/noticias\/wp-json\/wp\/v2\/categories?post=123886"},{"taxonomy":"post_tag","embeddable":true,"href":"https:\/\/vinasfm.com\/noticias\/wp-json\/wp\/v2\/tags?post=123886"}],"curies":[{"name":"wp","href":"https:\/\/api.w.org\/{rel}","templated":true}]}}