{"id":123878,"date":"2023-06-27T21:29:12","date_gmt":"2023-06-28T00:29:12","guid":{"rendered":"https:\/\/vinasfm.com\/noticias\/?p=123878"},"modified":"2023-06-28T12:18:31","modified_gmt":"2023-06-28T15:18:31","slug":"la-union-mendocina-alvear-va-por-la-intendencia","status":"publish","type":"post","link":"https:\/\/vinasfm.com\/noticias\/la-union-mendocina-alvear-va-por-la-intendencia\/","title":{"rendered":"LA UNI\u00d3N MENDOCINA ALVEAR VA POR LA INTENDENCIA"},"content":{"rendered":"<p><strong>Consolidando la unidad que predican, Javier L\u00f3pez y Andrea P\u00e9rez Bernal quienes compitieron en la interna de las PASO 2023, anunciaron su trabajo conjunto para lograr la intendencia de General Alvear.<\/strong><\/p>\n<p>En conferencia de prensa, L\u00f3pez agradeci\u00f3 a P\u00e9rez Bernal el apoyo recibido como as\u00ed tambi\u00e9n a los espacios del Peronismo, el radicalismo, los libertarios, dem\u00f3cratas y el Partido Encuentro que forman parte del Frente.<\/p>\n<p>Javier L\u00f3pez dirigi\u00f3 su mensaje al votante independiente solicitando que lo acompa\u00f1en en el desaf\u00edo, record\u00e1ndoles que: <strong><em>\u00abLa forma de cambiar la democracia es justamente con la participaci\u00f3n y nosotros queremos llamarlos a participar, a que se junten con nosotros, a que est\u00e9n con nosotros porque queremos una alternativa distinta\u00bb.<\/em><\/strong> Adem\u00e1s remarc\u00f3 que cuentan con una gran oportunidad de ser gobierno.<\/p>\n<p><a href=\"https:\/\/vinasfm.com\/noticias\/wp-content\/uploads\/2023\/06\/f3afce5f-5b0c-4f3a-9673-73a88d597039.jpeg\"><img loading=\"lazy\" decoding=\"async\" class=\"size-full wp-image-123880 aligncenter\" src=\"https:\/\/vinasfm.com\/noticias\/wp-content\/uploads\/2023\/06\/f3afce5f-5b0c-4f3a-9673-73a88d597039.jpeg\" alt=\"\" width=\"411\" height=\"328\" srcset=\"https:\/\/vinasfm.com\/noticias\/wp-content\/uploads\/2023\/06\/f3afce5f-5b0c-4f3a-9673-73a88d597039.jpeg 411w, https:\/\/vinasfm.com\/noticias\/wp-content\/uploads\/2023\/06\/f3afce5f-5b0c-4f3a-9673-73a88d597039-300x239.jpeg 300w\" sizes=\"auto, (max-width: 411px) 100vw, 411px\" \/><\/a><\/p>\n<h6 style=\"text-align: center;\">Andrea P\u00e9rez Bernal, Javier L\u00f3pez, Carlos Vega<\/h6>\n<p>Por su parte la vice presidenta del Partido Dem\u00f3crata provincial, Andrea P\u00e9rez Bernal, expres\u00f3 que mostrar a la ciudadan\u00eda alvearense la unidad, de las dos listas que compitieron, es importante para el frente. Destac\u00f3 que en lo personal est\u00e1 su compromiso y el de todo su equipo para lograr que L\u00f3pez sea intendente y para que Omar De Marchi sea el pr\u00f3ximo gobernador de Mendoza.<\/p>\n<p>Manifest\u00f3 que La Uni\u00f3n Mendocina ya cuenta con un concejal en el Honorable Concejo Deliberante local, haciendo referencia a la banca del espacio encuentro que los viene acompa\u00f1ado y que continuar\u00e1 trabajando con el frente.<\/p>\n<p>Al ser consultados por c\u00f3mo piensan cautivar a la cantidad de voto en blanco, nulo y al votante que no concurri\u00f3 a sufragar, P\u00e9rez Bernal dijo: <em><strong>\u201cNosotros somos parte de esa gran oportunidad que tienen hoy los alvearenses de votar algo realmente distinto\u201d.<\/strong><\/em><\/p>\n<p>En lo relacionado a c\u00f3mo qued\u00f3 conformada la lista de concejales de La Uni\u00f3n Mendocina de Alvear, L\u00f3pez aclar\u00f3 que si bien esperan la confirmaci\u00f3n de \u00faltimos datos, el primer lugar ser\u00eda para N\u00e9stor Ortega, el segundo para Mirta Mart\u00ednez, el tercer lugar para Graciela Galaguza y el cuarto para Carlos Vega.<\/p>\n<p>Quedaron como candidatos a legisladores provinciales Cecilia Ariet (Senadora) y Daniel L\u00f3pez (Diputado).<\/p>\n<p>Antes de finalizar la rueda de prensa, Javier L\u00f3pez destacando que los grandes asuntes, en las elecciones, fueron los j\u00f3venes de 18 a 35 a\u00f1os. <em><strong>\u201cPor ellos pasa el cambio, son ellos los que tienen que involucrarse en la pol\u00edtica, son ellos por los cuales estamos haciendo nosotros lo que hacemos hoy\u2026As\u00ed que los invito a que participen, los invito a que se integren a los distintos partidos pol\u00edticos, si es a nosotros, mucho mejor, as\u00ed lo queremos\u201d.<\/strong><\/em><\/p>\n<p>Afirm\u00f3 que quienes vienen de la parte independientes, que conocen la realidad de todos los d\u00edas, la realidad de no llegar a fin de mes, de no conseguir trabajo, son los que deben estar trabajando en pol\u00edtica.<\/p>\n<p><strong><em>\u201cToda esa gente es la que necesitamos que este en la pol\u00edtica\u2026As\u00ed que los invitamos a todos ellos a que participen\u201d<\/em><\/strong>, concluy\u00f3.<\/p>\n","protected":false},"excerpt":{"rendered":"<p>Consolidando la unidad que predican, Javier L\u00f3pez y Andrea P\u00e9rez Bernal quienes compitieron en la interna de las PASO 2023, anunciaron &#8230;<\/p>\n","protected":false},"author":7,"featured_media":123879,"comment_status":"open","ping_status":"open","sticky":false,"template":"","format":"standard","meta":{"footnotes":""},"categories":[5,7],"tags":[],"class_list":["post-123878","post","type-post","status-publish","format-standard","has-post-thumbnail","hentry","category-actualidad","category-politica"],"_links":{"self":[{"href":"https:\/\/vinasfm.com\/noticias\/wp-json\/wp\/v2\/posts\/123878","targetHints":{"allow":["GET"]}}],"collection":[{"href":"https:\/\/vinasfm.com\/noticias\/wp-json\/wp\/v2\/posts"}],"about":[{"href":"https:\/\/vinasfm.com\/noticias\/wp-json\/wp\/v2\/types\/post"}],"author":[{"embeddable":true,"href":"https:\/\/vinasfm.com\/noticias\/wp-json\/wp\/v2\/users\/7"}],"replies":[{"embeddable":true,"href":"https:\/\/vinasfm.com\/noticias\/wp-json\/wp\/v2\/comments?post=123878"}],"version-history":[{"count":1,"href":"https:\/\/vinasfm.com\/noticias\/wp-json\/wp\/v2\/posts\/123878\/revisions"}],"predecessor-version":[{"id":123881,"href":"https:\/\/vinasfm.com\/noticias\/wp-json\/wp\/v2\/posts\/123878\/revisions\/123881"}],"wp:featuredmedia":[{"embeddable":true,"href":"https:\/\/vinasfm.com\/noticias\/wp-json\/wp\/v2\/media\/123879"}],"wp:attachment":[{"href":"https:\/\/vinasfm.com\/noticias\/wp-json\/wp\/v2\/media?parent=123878"}],"wp:term":[{"taxonomy":"category","embeddable":true,"href":"https:\/\/vinasfm.com\/noticias\/wp-json\/wp\/v2\/categories?post=123878"},{"taxonomy":"post_tag","embeddable":true,"href":"https:\/\/vinasfm.com\/noticias\/wp-json\/wp\/v2\/tags?post=123878"}],"curies":[{"name":"wp","href":"https:\/\/api.w.org\/{rel}","templated":true}]}}