{"id":123875,"date":"2023-06-27T21:15:01","date_gmt":"2023-06-28T00:15:01","guid":{"rendered":"https:\/\/vinasfm.com\/noticias\/?p=123875"},"modified":"2023-06-27T21:15:01","modified_gmt":"2023-06-28T00:15:01","slug":"la-legislatura-tratara-un-proyecto-de-ley-que-regula-el-debate-de-candidatos-en-mendoza","status":"publish","type":"post","link":"https:\/\/vinasfm.com\/noticias\/la-legislatura-tratara-un-proyecto-de-ley-que-regula-el-debate-de-candidatos-en-mendoza\/","title":{"rendered":"LA LEGISLATURA TRATAR\u00c1 UN PROYECTO DE LEY QUE REGULA EL DEBATE DE CANDIDATOS EN MENDOZA"},"content":{"rendered":"<p><strong>La iniciativa fue presentada por Lucas Ilardo en 2019 y se votar\u00e1 a la brevedad. El objetivo es mejorar la calidad institucional de la provincia de cara a las elecciones generales.<\/strong><\/p>\n<p>La Legislatura de Mendoza tratar\u00e1 en las pr\u00f3ximas semanas un proyecto de ley presentado por el presidente de bloque peronista, Lucas Ilardo, para regular los debates entre candidato de cara a las pr\u00f3ximas elecciones generales.<\/p>\n<p>El proyecto de Ilardo fue presentado en 2019, pero en las \u00faltimas horas el Senado aprob\u00f3 un\u00e1nimemente una preferencia con despacho para que sea tratado a la brevedad. Desde el peronismo esperan que vea luz verde lo antes posible.<\/p>\n<p><em><strong>\u00abBuscamos mejorar la calidad institucional de Mendoza, con reglas claras en los debates y la obligatoriedad de participaci\u00f3n de todos los candidatos que pasan el filtro de las PASO\u00bb<\/strong><\/em>, destac\u00f3 Ilardo.<\/p>\n<p>El proyecto de Ilardo, que est\u00e1 abierto a modificaciones propuestas por los otros bloques, prev\u00e9 dos debates organizados por la Junta Electoral junto con universidades y organismos de la sociedad civil.<\/p>\n<p>Tambi\u00e9n el texto establece que los debates deber\u00e1n ser transmitidos en vivo y en simult\u00e1neo por todos los canales de aire p\u00fablicos y privados de la provincia, adem\u00e1s de las radios con pauta oficial.<\/p>\n","protected":false},"excerpt":{"rendered":"<p>La iniciativa fue presentada por Lucas Ilardo en 2019 y se votar\u00e1 a la brevedad. El objetivo es mejorar la calidad &#8230;<\/p>\n","protected":false},"author":7,"featured_media":123876,"comment_status":"open","ping_status":"open","sticky":false,"template":"","format":"standard","meta":{"footnotes":""},"categories":[1],"tags":[],"class_list":["post-123875","post","type-post","status-publish","format-standard","has-post-thumbnail","hentry","category-fmvinas"],"_links":{"self":[{"href":"https:\/\/vinasfm.com\/noticias\/wp-json\/wp\/v2\/posts\/123875","targetHints":{"allow":["GET"]}}],"collection":[{"href":"https:\/\/vinasfm.com\/noticias\/wp-json\/wp\/v2\/posts"}],"about":[{"href":"https:\/\/vinasfm.com\/noticias\/wp-json\/wp\/v2\/types\/post"}],"author":[{"embeddable":true,"href":"https:\/\/vinasfm.com\/noticias\/wp-json\/wp\/v2\/users\/7"}],"replies":[{"embeddable":true,"href":"https:\/\/vinasfm.com\/noticias\/wp-json\/wp\/v2\/comments?post=123875"}],"version-history":[{"count":1,"href":"https:\/\/vinasfm.com\/noticias\/wp-json\/wp\/v2\/posts\/123875\/revisions"}],"predecessor-version":[{"id":123877,"href":"https:\/\/vinasfm.com\/noticias\/wp-json\/wp\/v2\/posts\/123875\/revisions\/123877"}],"wp:featuredmedia":[{"embeddable":true,"href":"https:\/\/vinasfm.com\/noticias\/wp-json\/wp\/v2\/media\/123876"}],"wp:attachment":[{"href":"https:\/\/vinasfm.com\/noticias\/wp-json\/wp\/v2\/media?parent=123875"}],"wp:term":[{"taxonomy":"category","embeddable":true,"href":"https:\/\/vinasfm.com\/noticias\/wp-json\/wp\/v2\/categories?post=123875"},{"taxonomy":"post_tag","embeddable":true,"href":"https:\/\/vinasfm.com\/noticias\/wp-json\/wp\/v2\/tags?post=123875"}],"curies":[{"name":"wp","href":"https:\/\/api.w.org\/{rel}","templated":true}]}}