{"id":123867,"date":"2023-06-27T11:19:17","date_gmt":"2023-06-27T14:19:17","guid":{"rendered":"https:\/\/vinasfm.com\/noticias\/?p=123867"},"modified":"2023-06-28T10:25:53","modified_gmt":"2023-06-28T13:25:53","slug":"el-comite-local-se-vistio-de-rojo-y-blanco-para-festejar-los-132-anos-de-ucr","status":"publish","type":"post","link":"https:\/\/vinasfm.com\/noticias\/el-comite-local-se-vistio-de-rojo-y-blanco-para-festejar-los-132-anos-de-ucr\/","title":{"rendered":"EL COMIT\u00c9 LOCAL SE VISTI\u00d3 DE ROJO Y BLANCO PARA FESTEJAR LOS 132 A\u00d1OS DE UCR"},"content":{"rendered":"<p><strong>La Uni\u00f3n C\u00edvica Radical (UCR) local celebr\u00f3 con gran entusiasmo los 132 a\u00f1os de su partido en el emblem\u00e1tico Comit\u00e9 Local \u201cRA\u00daL ALFONS\u00cdN\u201d ubicado en la calle Pierola. <\/strong><\/p>\n<p>El emotivo acto reuni\u00f3 a radicales de todos los sectores que participaron activamente en las \u00faltimas elecciones Primarias, Abiertas, Simult\u00e1neas y Obligatorias (PASO). Adem\u00e1s, se cont\u00f3 con la destacada presencia de funcionarios del ejecutivo municipal, concejales del bloque UCR y de Cambia YA, quienes manifestaron su compromiso con los ideales y principios del partido.<\/p>\n<p>El evento tambi\u00e9n cont\u00f3 con la participaci\u00f3n de importantes referentes de los partidos aliados de Cambia Mendoza, como el PRO y Activ\u00e1 Alvear, quienes ratificaron su apoyo y colaboraci\u00f3n con la UCR en la b\u00fasqueda de un cambio positivo para la comunidad.<\/p>\n<p>Aunque el intendente Walther Marcolini se encontraba ausente debido a un viaje oficial a Israel, hizo llegar sus disculpas por no poder asistir personalmente al acto y envi\u00f3 un saludo afectuoso a todos los correligionarios presentes. Su ausencia no empa\u00f1\u00f3 la celebraci\u00f3n, ya que el esp\u00edritu de unidad y compromiso que rein\u00f3 en el lugar fue verdaderamente inspirador.<\/p>\n<p>El punto culminante del evento fue la proyecci\u00f3n de un emotivo video que narraba de manera emotiva y detallada la rica historia de la UCR, tanto a nivel nacional como provincial y departamental. Este repaso hist\u00f3rico reafirm\u00f3 los valores y la lucha constante por la democracia, la justicia social y el progreso que ha caracterizado a la UCR a lo largo de sus 132 a\u00f1os de existencia.<\/p>\n<p>Luego del video, el presidente del Comit\u00e9 Local y candidato a intendente Jany Molero tom\u00f3 la palabra y pronunci\u00f3 un encendido discurso que reson\u00f3 en los corazones de todos las m\u00e1s de 100 personas presentes. Con una voz llena de convicci\u00f3n, hizo un llamado a la unidad y al trabajo conjunto de todos los sectores del partido, destacando la importancia de mantenerse en el gobierno de Alvear y Mendoza.<\/p>\n<p><a href=\"https:\/\/vinasfm.com\/noticias\/wp-content\/uploads\/2023\/06\/28bb1ca9-bd87-45e7-a84d-c2572c876228.jpg\"><img loading=\"lazy\" decoding=\"async\" class=\"wp-image-123869 aligncenter\" src=\"https:\/\/vinasfm.com\/noticias\/wp-content\/uploads\/2023\/06\/28bb1ca9-bd87-45e7-a84d-c2572c876228.jpg\" alt=\"\" width=\"500\" height=\"333\" srcset=\"https:\/\/vinasfm.com\/noticias\/wp-content\/uploads\/2023\/06\/28bb1ca9-bd87-45e7-a84d-c2572c876228.jpg 1280w, https:\/\/vinasfm.com\/noticias\/wp-content\/uploads\/2023\/06\/28bb1ca9-bd87-45e7-a84d-c2572c876228-300x200.jpg 300w, https:\/\/vinasfm.com\/noticias\/wp-content\/uploads\/2023\/06\/28bb1ca9-bd87-45e7-a84d-c2572c876228-1024x682.jpg 1024w, https:\/\/vinasfm.com\/noticias\/wp-content\/uploads\/2023\/06\/28bb1ca9-bd87-45e7-a84d-c2572c876228-768x511.jpg 768w\" sizes=\"auto, (max-width: 500px) 100vw, 500px\" \/><\/a><\/p>\n<p>En su discurso, el l\u00edder radical tambi\u00e9n expres\u00f3 su total respaldo a las f\u00f3rmulas nacionales y subray\u00f3 la relevancia de las pr\u00f3ximas elecciones para superar la grave situaci\u00f3n que atraviesa Argentina. Hizo hincapi\u00e9 en la importancia de consolidar un proyecto s\u00f3lido que promueva el desarrollo, la justicia y el bienestar de todos los ciudadanos.<\/p>\n<p>Antes de dar por concluido el acto, el presidente del Comit\u00e9 Local, acompa\u00f1ado por los dos precandidatos que participaron en la \u00faltima elecci\u00f3n Carlos Ponce y Jorge P\u00e9rez, procedieron a descubrir una placa conmemorativa que perpetuar\u00e1 la memoria y el legado de los 132 a\u00f1os de lucha y compromiso de la UCR.<\/p>\n<p><a href=\"https:\/\/vinasfm.com\/noticias\/wp-content\/uploads\/2023\/06\/fc523481-a478-4b8b-a1e2-782c595f93b0.jpg\"><img loading=\"lazy\" decoding=\"async\" class=\"wp-image-123871 aligncenter\" src=\"https:\/\/vinasfm.com\/noticias\/wp-content\/uploads\/2023\/06\/fc523481-a478-4b8b-a1e2-782c595f93b0.jpg\" alt=\"\" width=\"500\" height=\"358\" srcset=\"https:\/\/vinasfm.com\/noticias\/wp-content\/uploads\/2023\/06\/fc523481-a478-4b8b-a1e2-782c595f93b0.jpg 1280w, https:\/\/vinasfm.com\/noticias\/wp-content\/uploads\/2023\/06\/fc523481-a478-4b8b-a1e2-782c595f93b0-300x215.jpg 300w, https:\/\/vinasfm.com\/noticias\/wp-content\/uploads\/2023\/06\/fc523481-a478-4b8b-a1e2-782c595f93b0-1024x733.jpg 1024w, https:\/\/vinasfm.com\/noticias\/wp-content\/uploads\/2023\/06\/fc523481-a478-4b8b-a1e2-782c595f93b0-768x550.jpg 768w\" sizes=\"auto, (max-width: 500px) 100vw, 500px\" \/><\/a><\/p>\n<p>Con la mirada puesta en el futuro, la Uni\u00f3n C\u00edvica Radical ya se encuentra trabajando arduamente para llegar preparada y fortalecida a las elecciones generales que se celebrar\u00e1n el 24 de septiembre. Con el objetivo de mantener la intendencia que administra desde 2015, el partido se compromete a continuar trabajando en beneficio de la comunidad, promoviendo la participaci\u00f3n ciudadana y ofreciendo propuestas s\u00f3lidas y transformadoras para el progreso de Alvear y Mendoza.<\/p>\n","protected":false},"excerpt":{"rendered":"<p>La Uni\u00f3n C\u00edvica Radical (UCR) local celebr\u00f3 con gran entusiasmo los 132 a\u00f1os de su partido en el emblem\u00e1tico Comit\u00e9 Local &#8230;<\/p>\n","protected":false},"author":7,"featured_media":123868,"comment_status":"open","ping_status":"open","sticky":false,"template":"","format":"standard","meta":{"footnotes":""},"categories":[5,7],"tags":[],"class_list":["post-123867","post","type-post","status-publish","format-standard","has-post-thumbnail","hentry","category-actualidad","category-politica"],"_links":{"self":[{"href":"https:\/\/vinasfm.com\/noticias\/wp-json\/wp\/v2\/posts\/123867","targetHints":{"allow":["GET"]}}],"collection":[{"href":"https:\/\/vinasfm.com\/noticias\/wp-json\/wp\/v2\/posts"}],"about":[{"href":"https:\/\/vinasfm.com\/noticias\/wp-json\/wp\/v2\/types\/post"}],"author":[{"embeddable":true,"href":"https:\/\/vinasfm.com\/noticias\/wp-json\/wp\/v2\/users\/7"}],"replies":[{"embeddable":true,"href":"https:\/\/vinasfm.com\/noticias\/wp-json\/wp\/v2\/comments?post=123867"}],"version-history":[{"count":2,"href":"https:\/\/vinasfm.com\/noticias\/wp-json\/wp\/v2\/posts\/123867\/revisions"}],"predecessor-version":[{"id":123872,"href":"https:\/\/vinasfm.com\/noticias\/wp-json\/wp\/v2\/posts\/123867\/revisions\/123872"}],"wp:featuredmedia":[{"embeddable":true,"href":"https:\/\/vinasfm.com\/noticias\/wp-json\/wp\/v2\/media\/123868"}],"wp:attachment":[{"href":"https:\/\/vinasfm.com\/noticias\/wp-json\/wp\/v2\/media?parent=123867"}],"wp:term":[{"taxonomy":"category","embeddable":true,"href":"https:\/\/vinasfm.com\/noticias\/wp-json\/wp\/v2\/categories?post=123867"},{"taxonomy":"post_tag","embeddable":true,"href":"https:\/\/vinasfm.com\/noticias\/wp-json\/wp\/v2\/tags?post=123867"}],"curies":[{"name":"wp","href":"https:\/\/api.w.org\/{rel}","templated":true}]}}