{"id":123860,"date":"2023-06-27T10:40:09","date_gmt":"2023-06-27T13:40:09","guid":{"rendered":"https:\/\/vinasfm.com\/noticias\/?p=123860"},"modified":"2023-06-28T09:13:45","modified_gmt":"2023-06-28T12:13:45","slug":"los-ninos-fueron-protagonistas-de-la-posta-de-la-bandera","status":"publish","type":"post","link":"https:\/\/vinasfm.com\/noticias\/los-ninos-fueron-protagonistas-de-la-posta-de-la-bandera\/","title":{"rendered":"LOS NI\u00d1OS FUERON PROTAGONISTAS DE LA POSTA DE LA BANDERA"},"content":{"rendered":"<p><strong>En homenaje al emblema nacional se llev\u00f3 a cabo la \u201cXXVIII Posta Unidos por Nuestra Bandera\u201d.<\/strong><\/p>\n<p>Se trata de un proyecto institucional que cada a\u00f1o realizan los docentes de nivel inicial con alumnos de 4 y 5 a\u00f1os del colegio P182 \u201cDon Jos\u00e9 Francisco de San Mart\u00edn\u201d.<\/p>\n<p><img loading=\"lazy\" decoding=\"async\" class=\"aligncenter\" src=\"https:\/\/scontent.faep16-2.fna.fbcdn.net\/v\/t39.30808-6\/356644724_653310996843383_6369750206127972404_n.jpg?_nc_cat=101&amp;ccb=1-7&amp;_nc_sid=8bfeb9&amp;_nc_ohc=Zex_B_ZrB58AX9-b_Hw&amp;_nc_ht=scontent.faep16-2.fna&amp;oh=00_AfDb-WAZD1uLsXUUihFTofBtHempnu83YR1DNrrWPerNaQ&amp;oe=64A04B36\" alt=\"Puede ser una imagen de 6 personas y personas jugando al b\u00e1squet\" width=\"388\" height=\"306\" \/><\/p>\n<p>&nbsp;<\/p>\n<p>&nbsp;<\/p>\n<p>El proyecto busca fortalecer el inter\u00e9s por las fiestas nacionales, con la idea de incentivar a los alumnos desde peque\u00f1os para respetar y disfrutar con orgullo de las fiestas nacionales y as\u00ed transmitirlo a generaciones futuras.<\/p>\n<p><img loading=\"lazy\" decoding=\"async\" class=\"\" src=\"https:\/\/scontent.faep16-1.fna.fbcdn.net\/v\/t39.30808-6\/356432204_653310943510055_8312756877968681207_n.jpg?_nc_cat=106&amp;ccb=1-7&amp;_nc_sid=8bfeb9&amp;_nc_ohc=qT5Lm81O-BQAX8Zo1TY&amp;_nc_ht=scontent.faep16-1.fna&amp;oh=00_AfAINdu7huXQA2SIDbz2HAm9Z_gqCnRu-i87vMmSeZ33MQ&amp;oe=649F2E48\" alt=\"Puede ser una imagen de 4 personas, personas sonriendo y texto\" width=\"324\" height=\"216\" \/> <img loading=\"lazy\" decoding=\"async\" class=\"\" src=\"https:\/\/scontent.faep16-2.fna.fbcdn.net\/v\/t39.30808-6\/355858537_653310963510053_7913409864300440230_n.jpg?_nc_cat=101&amp;ccb=1-7&amp;_nc_sid=8bfeb9&amp;_nc_ohc=mmFda8xDVdwAX-z1pll&amp;_nc_ht=scontent.faep16-2.fna&amp;oh=00_AfAtlRjytaHbowtpdkSK2MkECr-yOZhVfUd2bkj3RNLbMg&amp;oe=649F4B8D\" alt=\"Puede ser una imagen de 7 personas y texto\" width=\"355\" height=\"217\" \/><\/p>\n<p><img loading=\"lazy\" decoding=\"async\" class=\"\" src=\"https:\/\/scontent.faep16-1.fna.fbcdn.net\/v\/t39.30808-6\/356227206_653310860176730_6304166844550674771_n.jpg?_nc_cat=100&amp;ccb=1-7&amp;_nc_sid=8bfeb9&amp;_nc_ohc=EwF2DWQ0CA0AX-vosVT&amp;_nc_ht=scontent.faep16-1.fna&amp;oh=00_AfDxVlZJvgEzemtlYWxFtgS6cbzOqnJSFLfZI1GYB8YaaQ&amp;oe=64A044BC\" alt=\"Puede ser una imagen de 5 personas\" width=\"356\" height=\"198\" \/> <img loading=\"lazy\" decoding=\"async\" class=\"\" src=\"https:\/\/scontent.faep16-1.fna.fbcdn.net\/v\/t39.30808-6\/356399046_653311013510048_7158299024235879751_n.jpg?_nc_cat=107&amp;ccb=1-7&amp;_nc_sid=8bfeb9&amp;_nc_ohc=KhlEImd409oAX-01waJ&amp;_nc_ht=scontent.faep16-1.fna&amp;oh=00_AfCfjyAnyb41ss5eeyFhKRwcvDbmR4YQvpJr-d7SlSd_ZA&amp;oe=64A027C0\" alt=\"Puede ser una imagen de 6 personas, ni\u00f1os y multitud\" width=\"315\" height=\"197\" \/><\/p>\n","protected":false},"excerpt":{"rendered":"<p>En homenaje al emblema nacional se llev\u00f3 a cabo la \u201cXXVIII Posta Unidos por Nuestra Bandera\u201d. Se trata de un proyecto &#8230;<\/p>\n","protected":false},"author":7,"featured_media":123861,"comment_status":"open","ping_status":"open","sticky":false,"template":"","format":"standard","meta":{"footnotes":""},"categories":[5,10],"tags":[],"class_list":["post-123860","post","type-post","status-publish","format-standard","has-post-thumbnail","hentry","category-actualidad","category-destacadas"],"_links":{"self":[{"href":"https:\/\/vinasfm.com\/noticias\/wp-json\/wp\/v2\/posts\/123860","targetHints":{"allow":["GET"]}}],"collection":[{"href":"https:\/\/vinasfm.com\/noticias\/wp-json\/wp\/v2\/posts"}],"about":[{"href":"https:\/\/vinasfm.com\/noticias\/wp-json\/wp\/v2\/types\/post"}],"author":[{"embeddable":true,"href":"https:\/\/vinasfm.com\/noticias\/wp-json\/wp\/v2\/users\/7"}],"replies":[{"embeddable":true,"href":"https:\/\/vinasfm.com\/noticias\/wp-json\/wp\/v2\/comments?post=123860"}],"version-history":[{"count":2,"href":"https:\/\/vinasfm.com\/noticias\/wp-json\/wp\/v2\/posts\/123860\/revisions"}],"predecessor-version":[{"id":123891,"href":"https:\/\/vinasfm.com\/noticias\/wp-json\/wp\/v2\/posts\/123860\/revisions\/123891"}],"wp:featuredmedia":[{"embeddable":true,"href":"https:\/\/vinasfm.com\/noticias\/wp-json\/wp\/v2\/media\/123861"}],"wp:attachment":[{"href":"https:\/\/vinasfm.com\/noticias\/wp-json\/wp\/v2\/media?parent=123860"}],"wp:term":[{"taxonomy":"category","embeddable":true,"href":"https:\/\/vinasfm.com\/noticias\/wp-json\/wp\/v2\/categories?post=123860"},{"taxonomy":"post_tag","embeddable":true,"href":"https:\/\/vinasfm.com\/noticias\/wp-json\/wp\/v2\/tags?post=123860"}],"curies":[{"name":"wp","href":"https:\/\/api.w.org\/{rel}","templated":true}]}}