{"id":123855,"date":"2023-06-27T10:02:06","date_gmt":"2023-06-27T13:02:06","guid":{"rendered":"https:\/\/vinasfm.com\/noticias\/?p=123855"},"modified":"2023-06-28T08:54:39","modified_gmt":"2023-06-28T11:54:39","slug":"peligra-la-continuidad-de-cientos-de-contratos-en-la-municipalidad-de-malargue","status":"publish","type":"post","link":"https:\/\/vinasfm.com\/noticias\/peligra-la-continuidad-de-cientos-de-contratos-en-la-municipalidad-de-malargue\/","title":{"rendered":"PELIGRA LA CONTINUIDAD DE CIENTOS DE CONTRATOS EN LA MUNICIPALIDAD DE MALARG\u00dcE"},"content":{"rendered":"<p><strong>El intendente de Malarg\u00fce advirti\u00f3 que por la falta de aprobaci\u00f3n del Concejo Deliberante del presupuesto 2023 peligra la continuidad de 1.000 contratos que caducan el viernes 30 de junio<\/strong><\/p>\n<p>Luego de las\u00a0<strong><strong style=\"font-style: inherit;\">manifestaciones de es<\/strong><strong style=\"font-style: inherit;\">t<\/strong><strong style=\"font-style: inherit;\">e lunes<\/strong><\/strong>, que congreg\u00f3 cientos de personas que se desempe\u00f1an laboralmente como\u00a0<strong>locadores de servicios<\/strong>\u00a0en la\u00a0<strong>Municipalidad de Malarg\u00fce<\/strong>, gente que ver\u00eda peligrar sus fuentes laborales a partir del 1\u00b0 de julio, al no haber partidas porque a\u00fan no se aprob\u00f3 el Presupuesto Municipal,\u00a0<strong>el intendente Juan Manuel Ojeda acord\u00f3 elevar informaci\u00f3n que requieren los ediles para destrabar la situaci\u00f3n<\/strong>.<\/p>\n<p>El intendente malarg\u00fcino \u00a0<strong style=\"font-style: inherit;\">Juan Manuel Ojeda<\/strong>\u00a0explic\u00f3 que\u00a0<strong>por la falta de aprobaci\u00f3n del presupuesto comunal 2023, con el cual no avanz\u00f3 el Concejo Deliberante, peligra la continuidad de 1.000 contratos de empleados<\/strong>, que se vencer\u00e1n este viernes y para los cuales no tiene aprobadas las partidas para seguir pag\u00e1ndolos.<\/p>\n<p>Ojeda\u00a0<strong>mand\u00f3 ese presupuesto al Concejo en octubre de 2022, pero su aprobaci\u00f3n se sigue dilatando<\/strong>\u00a0y a\u00fan permanece cajoneado 8 meses despu\u00e9s.<\/p>\n<h2 class=\"news-headline__title\">Tregua entre concejales e intendente de Malarg\u00fce<\/h2>\n<p>Luego de m\u00e1s de una hora de conversaci\u00f3n se resolvi\u00f3 que los ediles tratar\u00edan el presupuesto 2023. Ojeda agradeci\u00f3 \u201ca los concejales por la predisposici\u00f3n de ponerse a trabajar en el Presupuesto, y especialmente el compromiso de tratarlo el jueves\u201d.\u00a0<strong>\u201cNo pod\u00edamos dejar que se cayeran estas mil prestaciones sociales y contratos\u201d<\/strong>, sentenci\u00f3.<\/p>\n<p>El intendente de Malarg\u00fce asegur\u00f3 que\u00a0<strong>\u201csi aprueban el Presupuesto el jueves, el viernes lo estoy promulgando y publicando, y el lunes la gente sigue trabajando\u201d<\/strong>, aclarando: \u201c<strong><em>Nosotros hicimos contratos hasta diciembre\u201d.<\/em><\/strong><\/p>\n","protected":false},"excerpt":{"rendered":"<p>El intendente de Malarg\u00fce advirti\u00f3 que por la falta de aprobaci\u00f3n del Concejo Deliberante del presupuesto 2023 peligra la continuidad de &#8230;<\/p>\n","protected":false},"author":7,"featured_media":123856,"comment_status":"open","ping_status":"open","sticky":false,"template":"","format":"standard","meta":{"footnotes":""},"categories":[5,10],"tags":[],"class_list":["post-123855","post","type-post","status-publish","format-standard","has-post-thumbnail","hentry","category-actualidad","category-destacadas"],"_links":{"self":[{"href":"https:\/\/vinasfm.com\/noticias\/wp-json\/wp\/v2\/posts\/123855","targetHints":{"allow":["GET"]}}],"collection":[{"href":"https:\/\/vinasfm.com\/noticias\/wp-json\/wp\/v2\/posts"}],"about":[{"href":"https:\/\/vinasfm.com\/noticias\/wp-json\/wp\/v2\/types\/post"}],"author":[{"embeddable":true,"href":"https:\/\/vinasfm.com\/noticias\/wp-json\/wp\/v2\/users\/7"}],"replies":[{"embeddable":true,"href":"https:\/\/vinasfm.com\/noticias\/wp-json\/wp\/v2\/comments?post=123855"}],"version-history":[{"count":2,"href":"https:\/\/vinasfm.com\/noticias\/wp-json\/wp\/v2\/posts\/123855\/revisions"}],"predecessor-version":[{"id":123859,"href":"https:\/\/vinasfm.com\/noticias\/wp-json\/wp\/v2\/posts\/123855\/revisions\/123859"}],"wp:featuredmedia":[{"embeddable":true,"href":"https:\/\/vinasfm.com\/noticias\/wp-json\/wp\/v2\/media\/123856"}],"wp:attachment":[{"href":"https:\/\/vinasfm.com\/noticias\/wp-json\/wp\/v2\/media?parent=123855"}],"wp:term":[{"taxonomy":"category","embeddable":true,"href":"https:\/\/vinasfm.com\/noticias\/wp-json\/wp\/v2\/categories?post=123855"},{"taxonomy":"post_tag","embeddable":true,"href":"https:\/\/vinasfm.com\/noticias\/wp-json\/wp\/v2\/tags?post=123855"}],"curies":[{"name":"wp","href":"https:\/\/api.w.org\/{rel}","templated":true}]}}