{"id":123852,"date":"2023-06-27T09:47:43","date_gmt":"2023-06-27T12:47:43","guid":{"rendered":"https:\/\/vinasfm.com\/noticias\/?p=123852"},"modified":"2023-06-27T10:43:39","modified_gmt":"2023-06-27T13:43:39","slug":"eduardo-araujo-dio-detalles-de-la-situacion-de-las-rutas-en-malargue-despues-del-importante-temporal","status":"publish","type":"post","link":"https:\/\/vinasfm.com\/noticias\/eduardo-araujo-dio-detalles-de-la-situacion-de-las-rutas-en-malargue-despues-del-importante-temporal\/","title":{"rendered":"EDUARDO ARAUJO DIO DETALLES DE LA SITUACI\u00d3N DE LAS RUTAS EN MALARG\u00dcE DESPU\u00c9S DEL IMPORTANTE TEMPORAL"},"content":{"rendered":"<p><strong>Las fuertes lluvias que se registraron en la zona cordillerana Malarg\u00fce afectaron la ruta nacional 145, desde Las Loicas al l\u00edmite internacional, por lo que Paso Pehuenche estar\u00eda cerrado por tiempo indeterminado.<\/strong><\/p>\n<p><em><strong>\u201cEs grav\u00edsimo el da\u00f1o en la Ruta 145, varios pedraplenes han cedido a la presi\u00f3n del agua que bajaba por el costado de la ruta y eso caus\u00f3 serios inconvenientes\u201d<\/strong><\/em>, coment\u00f3 el corresponsal malarg\u00fcino Eduardo Araujo. Los problemas inician desde Las Loicas, pero la situaci\u00f3n m\u00e1s importante se encuentra desde la entrada de Caj\u00f3n Grande.<\/p>\n<p>Tambi\u00e9n est\u00e1n afectadas otras Rutas Provinciales como la Ruta 226 transitable hasta las tapaderas, desde ese lugar y hasta el l\u00edmite con Chile el camino est\u00e1 \u201cintransitable\u201d.<\/p>\n<p>El problema suscit\u00f3 con la ca\u00edda de arroyos al R\u00edo Grande, pero tambi\u00e9n se debe al fen\u00f3meno de El Ni\u00f1o que trajo grandes precipitaciones de agua.<\/p>\n<p><em><strong>\u201cAfortunadamente no se ha tenido que evacuar a ninguna persona, pero si hubo anegamientos de algunas viviendas\u201d<\/strong><\/em>, expres\u00f3 Araujo y estim\u00f3 que el Paso Pehuenche estar\u00eda inhabilitado por m\u00e1s de un a\u00f1o.<\/p>\n<h2>Como seguir\u00e1 el tiempo en Malarg\u00fce<\/h2>\n<p>En la ciudad de Malarg\u00fce contin\u00faa el cielo nublado con leves lloviznas y en forma intermitente, de acuerdo a datos del Servicio Meteorol\u00f3gico Nacional.<\/p>\n<p>En alta monta\u00f1a se espera para esta noche y madrugada del lunes precipitaci\u00f3n de \u201cmucha nieve\u201d, por encima de los 2.800 metros sobre el nivel del mar, por debajo de esa cota se pronostican \u201clluvias abundantes\u201d para el cierre de esta jornada, y \u201cnieve ligera\u201d para la ma\u00f1ana del lunes.<\/p>\n<p>&nbsp;<\/p>\n<p>&nbsp;<\/p>\n","protected":false},"excerpt":{"rendered":"<p>Las fuertes lluvias que se registraron en la zona cordillerana Malarg\u00fce afectaron la ruta nacional 145, desde Las Loicas al l\u00edmite &#8230;<\/p>\n","protected":false},"author":7,"featured_media":123772,"comment_status":"open","ping_status":"open","sticky":false,"template":"","format":"standard","meta":{"footnotes":""},"categories":[1],"tags":[],"class_list":["post-123852","post","type-post","status-publish","format-standard","has-post-thumbnail","hentry","category-fmvinas"],"_links":{"self":[{"href":"https:\/\/vinasfm.com\/noticias\/wp-json\/wp\/v2\/posts\/123852","targetHints":{"allow":["GET"]}}],"collection":[{"href":"https:\/\/vinasfm.com\/noticias\/wp-json\/wp\/v2\/posts"}],"about":[{"href":"https:\/\/vinasfm.com\/noticias\/wp-json\/wp\/v2\/types\/post"}],"author":[{"embeddable":true,"href":"https:\/\/vinasfm.com\/noticias\/wp-json\/wp\/v2\/users\/7"}],"replies":[{"embeddable":true,"href":"https:\/\/vinasfm.com\/noticias\/wp-json\/wp\/v2\/comments?post=123852"}],"version-history":[{"count":3,"href":"https:\/\/vinasfm.com\/noticias\/wp-json\/wp\/v2\/posts\/123852\/revisions"}],"predecessor-version":[{"id":123864,"href":"https:\/\/vinasfm.com\/noticias\/wp-json\/wp\/v2\/posts\/123852\/revisions\/123864"}],"wp:featuredmedia":[{"embeddable":true,"href":"https:\/\/vinasfm.com\/noticias\/wp-json\/wp\/v2\/media\/123772"}],"wp:attachment":[{"href":"https:\/\/vinasfm.com\/noticias\/wp-json\/wp\/v2\/media?parent=123852"}],"wp:term":[{"taxonomy":"category","embeddable":true,"href":"https:\/\/vinasfm.com\/noticias\/wp-json\/wp\/v2\/categories?post=123852"},{"taxonomy":"post_tag","embeddable":true,"href":"https:\/\/vinasfm.com\/noticias\/wp-json\/wp\/v2\/tags?post=123852"}],"curies":[{"name":"wp","href":"https:\/\/api.w.org\/{rel}","templated":true}]}}