{"id":123830,"date":"2023-06-26T20:48:39","date_gmt":"2023-06-26T23:48:39","guid":{"rendered":"https:\/\/vinasfm.com\/noticias\/?p=123830"},"modified":"2023-06-27T21:32:54","modified_gmt":"2023-06-28T00:32:54","slug":"la-escuela-hilda-mabel-coria-invita-a-participar-del-almuerzo-oficial-de-los-festejos-patronales-de-san-pedro-del-atuel","status":"publish","type":"post","link":"https:\/\/vinasfm.com\/noticias\/la-escuela-hilda-mabel-coria-invita-a-participar-del-almuerzo-oficial-de-los-festejos-patronales-de-san-pedro-del-atuel\/","title":{"rendered":"LA ESCUELA HILDA MABEL CORIA INVITA A PARTICIPAR DEL ALMUERZO OFICIAL DE LOS FESTEJOS PATRONALES DE SAN PEDRO DEL ATUEL"},"content":{"rendered":"<p><b>La profesora Silvia Armando y el director Juan Carlos Garc\u00eda estuvieron en contacto con FM VI\u00d1AS, e hicieron menci\u00f3n acerca de los festejos de San Pedro Ap\u00f3stol que se van a llevar a cabo el pr\u00f3ximo 2 de julio en el distrito de Carmensa.<\/b><\/p>\n<p>El Almuerzo Oficial es un trabajo llevado a cabo por toda la comunidad educativa y alumnos de la instituci\u00f3n. El men\u00fa contar\u00e1 con una entrada de empanadas, chorizos, morcillas y pollo a la parrilla; es de destacar que todos los productos ser\u00e1n elaborado por los mismos alumnos de la escuela.<\/p>\n<p>La tarjeta tendr\u00e1 un costo de $4000, se puede adquirir en el mismo colegio, contact\u00e1ndose al celular 02625- 403666 o al 493115.<\/p>\n<p><a href=\"https:\/\/vinasfm.com\/noticias\/wp-content\/uploads\/2023\/06\/a1e68cf7-b9ae-4d8a-9bac-6f330684bfd2.jpg\"><img loading=\"lazy\" decoding=\"async\" class=\"wp-image-123831 aligncenter\" src=\"https:\/\/vinasfm.com\/noticias\/wp-content\/uploads\/2023\/06\/a1e68cf7-b9ae-4d8a-9bac-6f330684bfd2.jpg\" alt=\"\" width=\"500\" height=\"889\" srcset=\"https:\/\/vinasfm.com\/noticias\/wp-content\/uploads\/2023\/06\/a1e68cf7-b9ae-4d8a-9bac-6f330684bfd2.jpg 720w, https:\/\/vinasfm.com\/noticias\/wp-content\/uploads\/2023\/06\/a1e68cf7-b9ae-4d8a-9bac-6f330684bfd2-169x300.jpg 169w, https:\/\/vinasfm.com\/noticias\/wp-content\/uploads\/2023\/06\/a1e68cf7-b9ae-4d8a-9bac-6f330684bfd2-576x1024.jpg 576w\" sizes=\"auto, (max-width: 500px) 100vw, 500px\" \/><\/a><\/p>\n<p>Por su parte el director de la instituci\u00f3n, quien asumi\u00f3 el cargo en febrero de este a\u00f1o, expres\u00f3 <em><strong>\u201cme he encontrado una escuela con un equipo de trabajo espectacular, yo\u00a0 vengo a acompa\u00f1ar en este evento que realizan desde hace 15 a\u00f1os\u201d.<\/strong> <\/em>Adem\u00e1s puso en valor el trabajo y colaboraci\u00f3n de los padres quienes est\u00e1n a disposici\u00f3n del equipo educativo.<\/p>\n<p><strong><em>\u201cDurante esta semana tenemos actividades enteramente relacionadas al almuerzo. \u00a0Nuestros alumnos se encargan de la elaboraci\u00f3n de los chacinados y la crianza de los pollos que son alimentados por alimento balanceado elaborado en la instituci\u00f3n\u201d<\/em><\/strong>, destac\u00f3 Garc\u00eda.<\/p>\n<p>La recaudaci\u00f3n del Almuerzo Oficial ser\u00e1 destinada, principalmente, a la soluci\u00f3n de los problemas edilicios presentes en el edificio escolar.<strong><em> \u201cTenemos que construir el invernado bajo cubierta porque el que tenemos en la escuela fue clausurado\u201d<\/em><\/strong>, se\u00f1al\u00f3 el director. \u00a0La Escuela de Educaci\u00f3n T\u00e9cnica N\u00b0 4-171 ha presentado un importante deterioro en su edificio y es por eso que se ha solicitado la construcci\u00f3n de un nuevo edificio educativo en el predio escolar, <strong><em>\u201cinfraestructura se est\u00e1 haciendo cargo y ahora estamos a espera de un informe\u201d<\/em><\/strong>, concluy\u00f3 el director Juan Carlos Garc\u00eda.<\/p>\n","protected":false},"excerpt":{"rendered":"<p>La profesora Silvia Armando y el director Juan Carlos Garc\u00eda estuvieron en contacto con FM VI\u00d1AS, e hicieron menci\u00f3n acerca de &#8230;<\/p>\n","protected":false},"author":7,"featured_media":123839,"comment_status":"open","ping_status":"open","sticky":false,"template":"","format":"standard","meta":{"footnotes":""},"categories":[5,10],"tags":[],"class_list":["post-123830","post","type-post","status-publish","format-standard","has-post-thumbnail","hentry","category-actualidad","category-destacadas"],"_links":{"self":[{"href":"https:\/\/vinasfm.com\/noticias\/wp-json\/wp\/v2\/posts\/123830","targetHints":{"allow":["GET"]}}],"collection":[{"href":"https:\/\/vinasfm.com\/noticias\/wp-json\/wp\/v2\/posts"}],"about":[{"href":"https:\/\/vinasfm.com\/noticias\/wp-json\/wp\/v2\/types\/post"}],"author":[{"embeddable":true,"href":"https:\/\/vinasfm.com\/noticias\/wp-json\/wp\/v2\/users\/7"}],"replies":[{"embeddable":true,"href":"https:\/\/vinasfm.com\/noticias\/wp-json\/wp\/v2\/comments?post=123830"}],"version-history":[{"count":1,"href":"https:\/\/vinasfm.com\/noticias\/wp-json\/wp\/v2\/posts\/123830\/revisions"}],"predecessor-version":[{"id":123833,"href":"https:\/\/vinasfm.com\/noticias\/wp-json\/wp\/v2\/posts\/123830\/revisions\/123833"}],"wp:featuredmedia":[{"embeddable":true,"href":"https:\/\/vinasfm.com\/noticias\/wp-json\/wp\/v2\/media\/123839"}],"wp:attachment":[{"href":"https:\/\/vinasfm.com\/noticias\/wp-json\/wp\/v2\/media?parent=123830"}],"wp:term":[{"taxonomy":"category","embeddable":true,"href":"https:\/\/vinasfm.com\/noticias\/wp-json\/wp\/v2\/categories?post=123830"},{"taxonomy":"post_tag","embeddable":true,"href":"https:\/\/vinasfm.com\/noticias\/wp-json\/wp\/v2\/tags?post=123830"}],"curies":[{"name":"wp","href":"https:\/\/api.w.org\/{rel}","templated":true}]}}