{"id":123770,"date":"2023-06-26T09:49:41","date_gmt":"2023-06-26T12:49:41","guid":{"rendered":"https:\/\/vinasfm.com\/noticias\/?p=123770"},"modified":"2023-06-27T09:49:46","modified_gmt":"2023-06-27T12:49:46","slug":"ponce-sobre-la-actualidad-politica-provincial-logramos-posicionarnos-como-propuesta-local-y-provincial","status":"publish","type":"post","link":"https:\/\/vinasfm.com\/noticias\/ponce-sobre-la-actualidad-politica-provincial-logramos-posicionarnos-como-propuesta-local-y-provincial\/","title":{"rendered":"PONCE SOBRE LA ACTUALIDAD POL\u00cdTICA PROVINCIAL; \u201cLOGRAMOS POSICIONARNOS COMO PROPUESTA LOCAL Y PROVINCIAL\u201d"},"content":{"rendered":"<p><strong>De cara a unas nuevas elecciones, el ex precandidato a intendente por el Frente Cambia Mendoza, se refiri\u00f3 a la figura de Petri en las Elecciones Nacionales y apoy\u00f3 a Molero en su candidatura a intendente.<\/strong><\/p>\n<p><span style=\"color: #800080;\"><strong>Carlos Ponce<\/strong><\/span> compiti\u00f3 en las PASO Provinciales dentro de la lista 501 BA, la cual ten\u00eda como precandidato a gobernador a Luis Petri qui\u00e9n ahora es precandidato a vicepresidente acompa\u00f1ando a Patricia Bulrich. Ponce se refiri\u00f3 a la campa\u00f1a que buscar\u00e1 posicionar a la formula Bulrich &#8211; Petri en las Elecciones Nacionales, <strong><em>\u201cestamos tratando de consolidar el espacio en General Alvear, no es f\u00e1cil el proceso post electoral. Nosotros vamos a apostar fuertemente apoyando tanto a nivel provincial como local, pero para que este apoyo sea fruct\u00edfero se deben hacer las revisiones necesarias, quienes van a encarnar hoy la candidatura en las pr\u00f3ximas elecciones de septiembre recojan las propuestas y sobre todo los reclamos y observaciones\u201d. <\/em><\/strong><\/p>\n<p>Tambi\u00e9n se refiri\u00f3 al objetivo de Alfredo Cornejo de volver a la gobernaci\u00f3n<strong><em>. \u201cTuvo algunas falencias y problem\u00e1ticas en algunas cuestiones muy sensibles como educaci\u00f3n y justicia, si no se ha hecho un buen trabajo hay que hacer una fuerte revisi\u00f3n\u201d<\/em><\/strong>, expres\u00f3 Ponce y agreg\u00f3 <strong><em>\u201cesperamos que como l\u00edder pol\u00edtico pueda traer la renovaci\u00f3n de la pol\u00edtica que estamos necesitando\u201d. <\/em><\/strong><\/p>\n<h2>LA UNI\u00d3N DEPARTAMENTAL DEL FRENTE CAMBIA MENDOZA<\/h2>\n<p>Sobre la actualidad local, Ponce expres\u00f3 que mantiene un buen dialogo con Alejandro Molero, quien gan\u00f3 la interna departamental de Cambia Mendoza en donde tambi\u00e9n compet\u00eda Jorge P\u00e9rez. <strong><em>\u201cEstamos esperando a que se termine de acomodar la cuesti\u00f3n Nacional, nosotros vamos a estar respaldando al frente. El 58% de los alvearenses eligi\u00f3 al Frente Cambia Mendoza, General Alvear habl\u00f3 y debemos trabajar fuertemente con \u2018Jany\u2019 para que la gente se sienta identificada y se pueda seguir construyendo\u201d.<\/em><\/strong><\/p>\n<p><img loading=\"lazy\" decoding=\"async\" class=\"aligncenter\" src=\"https:\/\/vinasfm.com\/noticias\/wp-content\/uploads\/2023\/06\/354054461_723932503070554_1662804897517182877_n-1080x641.jpg\" width=\"498\" height=\"296\" \/><\/p>\n<h6 style=\"text-align: center;\">Molero, Ponce y P\u00e9rez reunidos tras la interna.<\/h6>\n<p>Tras culminar las PASO, e intentar conocer la relaci\u00f3n de las figuras pol\u00edticas tras las elecciones, se cuestion\u00f3 si se ponen a disposici\u00f3n del candidato elegido todas las propuestas. <strong><em>\u201cNuestro objetivo es que todas las propuestas que hemos realizados se hagan realidad, desde mi equipo no nos vamos a guardar absolutamente nada. Estamos enteramente a disposici\u00f3n y esperamos que tengan suficiente eco para darle la satisfacci\u00f3n al electorado que nos apoy\u00f3\u201d<\/em><\/strong>, concluy\u00f3 Carlos Ponce.<\/p>\n<h6>Vallejos, G.<\/h6>\n","protected":false},"excerpt":{"rendered":"<p>De cara a unas nuevas elecciones, el ex precandidato a intendente por el Frente Cambia Mendoza, se refiri\u00f3 a la figura &#8230;<\/p>\n","protected":false},"author":7,"featured_media":120176,"comment_status":"open","ping_status":"open","sticky":false,"template":"","format":"standard","meta":{"footnotes":""},"categories":[5,7],"tags":[],"class_list":["post-123770","post","type-post","status-publish","format-standard","has-post-thumbnail","hentry","category-actualidad","category-politica"],"_links":{"self":[{"href":"https:\/\/vinasfm.com\/noticias\/wp-json\/wp\/v2\/posts\/123770","targetHints":{"allow":["GET"]}}],"collection":[{"href":"https:\/\/vinasfm.com\/noticias\/wp-json\/wp\/v2\/posts"}],"about":[{"href":"https:\/\/vinasfm.com\/noticias\/wp-json\/wp\/v2\/types\/post"}],"author":[{"embeddable":true,"href":"https:\/\/vinasfm.com\/noticias\/wp-json\/wp\/v2\/users\/7"}],"replies":[{"embeddable":true,"href":"https:\/\/vinasfm.com\/noticias\/wp-json\/wp\/v2\/comments?post=123770"}],"version-history":[{"count":3,"href":"https:\/\/vinasfm.com\/noticias\/wp-json\/wp\/v2\/posts\/123770\/revisions"}],"predecessor-version":[{"id":123798,"href":"https:\/\/vinasfm.com\/noticias\/wp-json\/wp\/v2\/posts\/123770\/revisions\/123798"}],"wp:featuredmedia":[{"embeddable":true,"href":"https:\/\/vinasfm.com\/noticias\/wp-json\/wp\/v2\/media\/120176"}],"wp:attachment":[{"href":"https:\/\/vinasfm.com\/noticias\/wp-json\/wp\/v2\/media?parent=123770"}],"wp:term":[{"taxonomy":"category","embeddable":true,"href":"https:\/\/vinasfm.com\/noticias\/wp-json\/wp\/v2\/categories?post=123770"},{"taxonomy":"post_tag","embeddable":true,"href":"https:\/\/vinasfm.com\/noticias\/wp-json\/wp\/v2\/tags?post=123770"}],"curies":[{"name":"wp","href":"https:\/\/api.w.org\/{rel}","templated":true}]}}