{"id":123724,"date":"2023-06-23T08:38:50","date_gmt":"2023-06-23T11:38:50","guid":{"rendered":"https:\/\/vinasfm.com\/noticias\/?p=123724"},"modified":"2023-06-26T10:32:20","modified_gmt":"2023-06-26T13:32:20","slug":"pronostico-del-tiempo-para-el-fin-de-semana-en-general-alvear","status":"publish","type":"post","link":"https:\/\/vinasfm.com\/noticias\/pronostico-del-tiempo-para-el-fin-de-semana-en-general-alvear\/","title":{"rendered":"PRON\u00d3STICO DEL TIEMPO PARA EL FIN DE SEMANA EN GENERAL ALVEAR"},"content":{"rendered":"<p><strong>Inici\u00f3 el invierno al pa\u00eds y el fr\u00edo se siente cada vez m\u00e1s. Este fin de semana, las temperaturas m\u00e1ximas superar\u00e1n los 15\u00b0c y las m\u00ednimas rondar\u00e1n los 4\u00b0C.<\/strong><\/p>\n<p>Para este viernes se espera viento norte-noreste de intensidad moderada a fuerte, cielo con nubosidad. Precipitaciones aisladas en el sur de General Alvear (Cochico-Paso del Loro-Faja Negra desde las 12 hs. Hasta las 16 hs.) M\u00e1xima 20 \u00b0C M\u00ednima 4 \u00b0C<\/p>\n<p>S\u00e1bado habr\u00e1 presencia de viento sur de intensidad moderada a fuerte durante el d\u00eda, cielo con nubosidad. M\u00e1xima 15 \u00b0C M\u00ednima 6 \u00b0C.<\/p>\n<p>Domingo tendremos viento norte de intensidad moderada a fuerte durante la tarde, en la noche ingreso de viento sur-suroeste. Cielo con algo de nubosidad M\u00e1xima 18 \u00b0C M\u00ednima 5 \u00b0C.<\/p>\n<p>Lunes inicia una nueva semana y se espera viento sur-suroeste de intensidad moderada, cielo con nubosidad. M\u00e1xima 15 \u00b0C M\u00ednima 6 \u00b0C.<\/p>\n","protected":false},"excerpt":{"rendered":"<p>Inici\u00f3 el invierno al pa\u00eds y el fr\u00edo se siente cada vez m\u00e1s. Este fin de semana, las temperaturas m\u00e1ximas superar\u00e1n &#8230;<\/p>\n","protected":false},"author":7,"featured_media":36690,"comment_status":"open","ping_status":"open","sticky":false,"template":"","format":"standard","meta":{"footnotes":""},"categories":[1],"tags":[],"class_list":["post-123724","post","type-post","status-publish","format-standard","has-post-thumbnail","hentry","category-fmvinas"],"_links":{"self":[{"href":"https:\/\/vinasfm.com\/noticias\/wp-json\/wp\/v2\/posts\/123724","targetHints":{"allow":["GET"]}}],"collection":[{"href":"https:\/\/vinasfm.com\/noticias\/wp-json\/wp\/v2\/posts"}],"about":[{"href":"https:\/\/vinasfm.com\/noticias\/wp-json\/wp\/v2\/types\/post"}],"author":[{"embeddable":true,"href":"https:\/\/vinasfm.com\/noticias\/wp-json\/wp\/v2\/users\/7"}],"replies":[{"embeddable":true,"href":"https:\/\/vinasfm.com\/noticias\/wp-json\/wp\/v2\/comments?post=123724"}],"version-history":[{"count":1,"href":"https:\/\/vinasfm.com\/noticias\/wp-json\/wp\/v2\/posts\/123724\/revisions"}],"predecessor-version":[{"id":123725,"href":"https:\/\/vinasfm.com\/noticias\/wp-json\/wp\/v2\/posts\/123724\/revisions\/123725"}],"wp:featuredmedia":[{"embeddable":true,"href":"https:\/\/vinasfm.com\/noticias\/wp-json\/wp\/v2\/media\/36690"}],"wp:attachment":[{"href":"https:\/\/vinasfm.com\/noticias\/wp-json\/wp\/v2\/media?parent=123724"}],"wp:term":[{"taxonomy":"category","embeddable":true,"href":"https:\/\/vinasfm.com\/noticias\/wp-json\/wp\/v2\/categories?post=123724"},{"taxonomy":"post_tag","embeddable":true,"href":"https:\/\/vinasfm.com\/noticias\/wp-json\/wp\/v2\/tags?post=123724"}],"curies":[{"name":"wp","href":"https:\/\/api.w.org\/{rel}","templated":true}]}}