{"id":123714,"date":"2023-06-23T09:03:30","date_gmt":"2023-06-23T12:03:30","guid":{"rendered":"https:\/\/vinasfm.com\/noticias\/?p=123714"},"modified":"2023-06-24T10:17:06","modified_gmt":"2023-06-24T13:17:06","slug":"representantes-de-la-asamblea-del-pueblo-de-alvear-se-refirieron-al-acuerdo-realizado-entre-los-gobiernos-nacional-y-provincial-con-la-empresa-mekorot","status":"publish","type":"post","link":"https:\/\/vinasfm.com\/noticias\/representantes-de-la-asamblea-del-pueblo-de-alvear-se-refirieron-al-acuerdo-realizado-entre-los-gobiernos-nacional-y-provincial-con-la-empresa-mekorot\/","title":{"rendered":"REPRESENTANTES DE LA ASAMBLEA DEL PUEBLO DE ALVEAR SE REFIRIERON AL ACUERDO REALIZADO ENTRE LOS GOBIERNOS NACIONAL Y PROVINCIAL CON LA EMPRESA MEKOROT"},"content":{"rendered":"<p><strong>El pr\u00f3ximo s\u00e1bado 24, la Asamblea del Pueblo, brindar\u00e1 una charla abierta sobre la ley de aguas de Mendoza y los riegos de la privatizaci\u00f3n, tras cumplirse 16 a\u00f1os de la promulgaci\u00f3n de la Ley 7722.<\/strong><\/p>\n<p><strong><em>\u201cEs importante que recordemos que el modelo de la macroeconom\u00eda mendocina e agroindustrial y el estilo de vida de los oasis mendocinos dependen fundamentalmente del agua. Referente al agua tenemos dos leyes que a protegen, la #7722 y la Ley General de Agua de la provincia\u201d,<\/em><\/strong> expres\u00f3 <span style=\"color: #800080;\"><strong>Alberto Kobayashi.<\/strong><\/span><\/p>\n<p>La #7722 cumpli\u00f3 16 a\u00f1os y Kobayashi destac\u00f3, <strong><em>\u201csiempre la hemos defendido pero se habla muy poco de la Ley de aguas de la provincia\u201d. <\/em><\/strong>Sus dos principios fundamentales se refieren al agua como bien de demonio p\u00fablico y las prioridades de su uso. <strong><em>\u201cEstamos muy preocupados por el peligro de privatizaci\u00f3n de recursos h\u00eddricos\u201d<\/em><\/strong>, apunt\u00f3.<\/p>\n<p>Sobre el acuerdo realizado con la empresa Mekorot, Alberto Kobayashi mencion\u00f3 <strong><em>\u201clos Gobiernos Nacional y Provincial han firmado un convenio con esta empresa en el cual se establece la elaboraci\u00f3n de un nuevo Plan del Manejo de Agua nacional y provincial. Tras no hacerse p\u00fablico ese convenio hay preocupaci\u00f3n por la posibilidad del recurso h\u00eddrico de Mendoza\u201d. <\/em><\/strong><\/p>\n<p><strong><em>\u201cNuestra preocupaci\u00f3n es que desde el Gobierno Provincial y el Departamento General de Irrigaci\u00f3n indican que el convenio tendr\u00e1 tres etapas. La primera es informativa que seg\u00fan el gobierno ya ocurri\u00f3, luego ser\u00eda la etapa propositiva en donde se va a elaborar un nuevo c\u00f3digo de aguas y se tendr\u00e1 en cuenta el uso del recurso, en base a eso se elaborar\u00e1 el Plan de Manejo del Agua. Por \u00faltimo se enviar\u00e1 a la legislatura\u201d,<\/em><\/strong> explic\u00f3 <span style=\"color: #800080;\"><em><strong>Pilar Castilla.<\/strong><\/em><\/span><\/p>\n<p>La empresa israel\u00ed firm\u00f3 el convenio a trav\u00e9s del Ministerio del Interior, a cargo de Wado de Pedro, y luego las provincias firmaron sus propios acuerdos. Las provincias implicadas son: Santa Cruz, Entre R\u00edos, La Rioja, Catamarca, San Juan, Mendoza y R\u00edo Negro.<\/p>\n<p><strong><em>\u201cEl problema es que los pueblos no conocemos esos acuerdos, pero seg\u00fan ellos la etapa de informaci\u00f3n s\u00ed se cumpli\u00f3 porque fueron una vez a cada departamento\u201d,<\/em><\/strong> se\u00f1al\u00f3 Castilla.<\/p>\n<p>Por \u00faltimo, Pilar Castilla sentenci\u00f3 <strong><em>\u201cse va a hacer un Plan de Manejo de Agua, pero por experiencia sabemos que los sectores populares no son beneficiados porque hay una discriminaci\u00f3n en cuanto a la distribuci\u00f3n del agua\u201d. <\/em><\/strong><\/p>\n","protected":false},"excerpt":{"rendered":"<p>El pr\u00f3ximo s\u00e1bado 24, la Asamblea del Pueblo, brindar\u00e1 una charla abierta sobre la ley de aguas de Mendoza y los &#8230;<\/p>\n","protected":false},"author":7,"featured_media":123715,"comment_status":"open","ping_status":"open","sticky":false,"template":"","format":"standard","meta":{"footnotes":""},"categories":[5,10],"tags":[],"class_list":["post-123714","post","type-post","status-publish","format-standard","has-post-thumbnail","hentry","category-actualidad","category-destacadas"],"_links":{"self":[{"href":"https:\/\/vinasfm.com\/noticias\/wp-json\/wp\/v2\/posts\/123714","targetHints":{"allow":["GET"]}}],"collection":[{"href":"https:\/\/vinasfm.com\/noticias\/wp-json\/wp\/v2\/posts"}],"about":[{"href":"https:\/\/vinasfm.com\/noticias\/wp-json\/wp\/v2\/types\/post"}],"author":[{"embeddable":true,"href":"https:\/\/vinasfm.com\/noticias\/wp-json\/wp\/v2\/users\/7"}],"replies":[{"embeddable":true,"href":"https:\/\/vinasfm.com\/noticias\/wp-json\/wp\/v2\/comments?post=123714"}],"version-history":[{"count":1,"href":"https:\/\/vinasfm.com\/noticias\/wp-json\/wp\/v2\/posts\/123714\/revisions"}],"predecessor-version":[{"id":123716,"href":"https:\/\/vinasfm.com\/noticias\/wp-json\/wp\/v2\/posts\/123714\/revisions\/123716"}],"wp:featuredmedia":[{"embeddable":true,"href":"https:\/\/vinasfm.com\/noticias\/wp-json\/wp\/v2\/media\/123715"}],"wp:attachment":[{"href":"https:\/\/vinasfm.com\/noticias\/wp-json\/wp\/v2\/media?parent=123714"}],"wp:term":[{"taxonomy":"category","embeddable":true,"href":"https:\/\/vinasfm.com\/noticias\/wp-json\/wp\/v2\/categories?post=123714"},{"taxonomy":"post_tag","embeddable":true,"href":"https:\/\/vinasfm.com\/noticias\/wp-json\/wp\/v2\/tags?post=123714"}],"curies":[{"name":"wp","href":"https:\/\/api.w.org\/{rel}","templated":true}]}}