{"id":123704,"date":"2023-06-22T18:31:33","date_gmt":"2023-06-22T21:31:33","guid":{"rendered":"https:\/\/vinasfm.com\/noticias\/?p=123704"},"modified":"2023-06-23T10:45:49","modified_gmt":"2023-06-23T13:45:49","slug":"la-policia-de-general-alvear-sumo-un-nuevo-patrullero-y-16-nuevos-oficiales","status":"publish","type":"post","link":"https:\/\/vinasfm.com\/noticias\/la-policia-de-general-alvear-sumo-un-nuevo-patrullero-y-16-nuevos-oficiales\/","title":{"rendered":"LA POLIC\u00cdA DE GENERAL ALVEAR SUM\u00d3 UN NUEVO PATRULLERO Y 16 NUEVOS OFICIALES"},"content":{"rendered":"<div dir=\"auto\"><strong>El Intendente Walther Marcolini junto al Comisario Iv\u00e1n Berm\u00fadez presentaron una unidad 0km y efectivizaron la incorporaci\u00f3n de diecis\u00e9is nuevos oficiales de polic\u00eda para el Departamento.<\/strong><\/div>\n<div dir=\"auto\"><\/div>\n<div dir=\"auto\"><strong><em>\u00abSiempre es bueno que el Ministerio de Seguridad nos tenga presentes y haga una distribuci\u00f3n equitativa de los recursos\u00bb<\/em><\/strong>, expres\u00f3 el Sr. Intendente Walther Marcolini y agreg\u00f3\u00a0<strong><em> \u00abla satisfacci\u00f3n que compartimos es la designaci\u00f3n de estos 16 auxiliares para General Alvear\u00bb.<\/em><\/strong> Cabe destacar que los nuevos cadetes son de General Alvear, fueron instruidos con docentes del Instituto Universitario de Seguridad P\u00fablica que funciona en el departamento y en el cual el municipio realiza un importante aporte.<\/div>\n<div dir=\"auto\"><img loading=\"lazy\" decoding=\"async\" class=\"\" src=\"https:\/\/scontent.faep16-1.fna.fbcdn.net\/v\/t39.30808-6\/355350944_570624218601187_3914968887894874380_n.jpg?_nc_cat=107&amp;ccb=1-7&amp;_nc_sid=8bfeb9&amp;_nc_ohc=1XD0POL6fXMAX8XB1Vy&amp;_nc_ht=scontent.faep16-1.fna&amp;oh=00_AfDUbhwrtq-lEVPZ1eYSM7OsMUCMlQk5ekh5PFLsXmQs7Q&amp;oe=649905FF\" alt=\"Puede ser una imagen de 9 personas y texto\" width=\"365\" height=\"205\" \/> <img loading=\"lazy\" decoding=\"async\" class=\"\" src=\"https:\/\/scontent.faep16-2.fna.fbcdn.net\/v\/t39.30808-6\/352642137_570624095267866_1136884662294991883_n.jpg?_nc_cat=101&amp;ccb=1-7&amp;_nc_sid=8bfeb9&amp;_nc_ohc=ofebAzoeTQ0AX-N9HoI&amp;_nc_ht=scontent.faep16-2.fna&amp;oh=00_AfAEuVF557Iihvw1taOyazHqnIzPuKEtZ7XwI8RfE4e7rQ&amp;oe=64997A94\" alt=\"Puede ser una imagen de 9 personas y texto que dice &quot;COMISAR\u00cdA 14\u00b0 \u00e9 GENERAL ALVEAR&quot;\" width=\"363\" height=\"204\" \/><\/div>\n<div dir=\"auto\"><\/div>\n<div dir=\"auto\">El Comisario de la Polic\u00eda Departamental tambi\u00e9n agradeci\u00f3 la llegada de la nueva movilidad y la incorporaci\u00f3n de nuevo personal. <strong><em>\u00abAgradezco la mirada del Ministerio en disponer la asignaci\u00f3n de un nuevo recurso log\u00edstico y muy importante la llegada de 16 efectivos que viene a sumar de manera muy ponderable a la prevenci\u00f3n\u00bb<\/em><\/strong>, expres\u00f3 Iv\u00e1n Bermudez. Estos nuevos oficiales vienen a sumar a la prevenci\u00f3n y su redistribuci\u00f3n se har\u00e1 tanto en la zona urbana como rural.<\/div>\n<div dir=\"auto\"><\/div>\n<div dir=\"auto\">La nueva movilidad es un veh\u00edculo 0km marca Logan, que quedar\u00e1 destinado a la jurisdicci\u00f3n de Comisar\u00eda 14\u00b0 y permitir\u00e1 reasignar otra movilidad perteneciente a la misma. Este forma parte de 6 movilidades que se entregaron a la zona sur de la provincia.<\/div>\n<div dir=\"auto\"><img loading=\"lazy\" decoding=\"async\" class=\"aligncenter\" src=\"https:\/\/scontent.faep16-1.fna.fbcdn.net\/v\/t39.30808-6\/355312299_570624735267802_8773413116139918377_n.jpg?_nc_cat=103&amp;ccb=1-7&amp;_nc_sid=8bfeb9&amp;_nc_ohc=oBdegG9cAxgAX8ogeaG&amp;_nc_ht=scontent.faep16-1.fna&amp;oh=00_AfDYUYgEWOzXjyQLs_LEPMSQoGgcWy22CJSV6k53kOlWQA&amp;oe=649A2A49\" alt=\"Puede ser una imagen de 3 personas\" width=\"498\" height=\"280\" \/><\/div>\n<div dir=\"auto\"><\/div>\n<div dir=\"auto\">Adem\u00e1s, Bermudez se refiri\u00f3 al funcionamiento de c\u00e1maras de vigilancia en todo el departamento. <strong><em>\u00abAlvear cuenta actualmente con 45 c\u00e1maras, todas en funcionamiento. Desde hace tiempo se viene gestionando la adquisici\u00f3n de m\u00e1s c\u00e1maras, a nivel no solamente del CEO de Alvear, sino del CEO Sur; pero a\u00fan no puedo corroborar cu\u00e1ntas c\u00e1maras arribar\u00edan\u00bb.<\/em><\/strong><\/div>\n<div dir=\"auto\"><\/div>\n<div dir=\"auto\"><\/div>\n","protected":false},"excerpt":{"rendered":"<p>El Intendente Walther Marcolini junto al Comisario Iv\u00e1n Berm\u00fadez presentaron una unidad 0km y efectivizaron la incorporaci\u00f3n de diecis\u00e9is nuevos oficiales &#8230;<\/p>\n","protected":false},"author":7,"featured_media":123705,"comment_status":"open","ping_status":"open","sticky":false,"template":"","format":"standard","meta":{"footnotes":""},"categories":[5,10],"tags":[],"class_list":["post-123704","post","type-post","status-publish","format-standard","has-post-thumbnail","hentry","category-actualidad","category-destacadas"],"_links":{"self":[{"href":"https:\/\/vinasfm.com\/noticias\/wp-json\/wp\/v2\/posts\/123704","targetHints":{"allow":["GET"]}}],"collection":[{"href":"https:\/\/vinasfm.com\/noticias\/wp-json\/wp\/v2\/posts"}],"about":[{"href":"https:\/\/vinasfm.com\/noticias\/wp-json\/wp\/v2\/types\/post"}],"author":[{"embeddable":true,"href":"https:\/\/vinasfm.com\/noticias\/wp-json\/wp\/v2\/users\/7"}],"replies":[{"embeddable":true,"href":"https:\/\/vinasfm.com\/noticias\/wp-json\/wp\/v2\/comments?post=123704"}],"version-history":[{"count":4,"href":"https:\/\/vinasfm.com\/noticias\/wp-json\/wp\/v2\/posts\/123704\/revisions"}],"predecessor-version":[{"id":123710,"href":"https:\/\/vinasfm.com\/noticias\/wp-json\/wp\/v2\/posts\/123704\/revisions\/123710"}],"wp:featuredmedia":[{"embeddable":true,"href":"https:\/\/vinasfm.com\/noticias\/wp-json\/wp\/v2\/media\/123705"}],"wp:attachment":[{"href":"https:\/\/vinasfm.com\/noticias\/wp-json\/wp\/v2\/media?parent=123704"}],"wp:term":[{"taxonomy":"category","embeddable":true,"href":"https:\/\/vinasfm.com\/noticias\/wp-json\/wp\/v2\/categories?post=123704"},{"taxonomy":"post_tag","embeddable":true,"href":"https:\/\/vinasfm.com\/noticias\/wp-json\/wp\/v2\/tags?post=123704"}],"curies":[{"name":"wp","href":"https:\/\/api.w.org\/{rel}","templated":true}]}}