{"id":123700,"date":"2023-06-22T17:55:32","date_gmt":"2023-06-22T20:55:32","guid":{"rendered":"https:\/\/vinasfm.com\/noticias\/?p=123700"},"modified":"2023-06-23T08:41:44","modified_gmt":"2023-06-23T11:41:44","slug":"la-camara-de-comercio-celebro-que-ahora-la-ruta-188-tiene-cobertura-de-celular","status":"publish","type":"post","link":"https:\/\/vinasfm.com\/noticias\/la-camara-de-comercio-celebro-que-ahora-la-ruta-188-tiene-cobertura-de-celular\/","title":{"rendered":"LA C\u00c1MARA DE COMERCIO CELEBR\u00d3 QUE AHORA LA RUTA 188 TIENE COBERTURA DE CELULAR"},"content":{"rendered":"<p><strong>Por cinco a\u00f1os, desde la instalaci\u00f3n de la torre para telefon\u00eda que se instal\u00f3 en La Mora, ruta nacional 188, la C\u00e1mara de comercio insisti\u00f3 con el reclamo para que se instale una compa\u00f1\u00eda y brinde cobertura celular en la ruta.<\/strong><\/p>\n<p>En la edici\u00f3n 2023 del d\u00eda de Campo, en el marco de la Fiesta Nacional de la Ganader\u00eda, la entidad retom\u00f3 con m\u00e1s fuerza el reclamo y finalmente est\u00e1 concretado.<\/p>\n<p>La empresa Telecom (Personal) instal\u00f3 d\u00edas atr\u00e1s los equipos y se encuentra actualmente en pleno funcionamiento, abarcando desde La Mora, en Alvear, hasta La Maroma en San Luis.<\/p>\n<p>Ahora se espera que m\u00e1s compa\u00f1\u00edas se instalen y tambi\u00e9n presten el servicio de telefon\u00eda m\u00f3vil.<\/p>\n<p><strong><em>\u201cNunca lo dejamos de hacer pero este a\u00f1o volvimos a reclamar por la cobertura de se\u00f1al de celular en la ruta 188, no solo por los puesteros, productores ganaderos o la gente que viaja, sino por todo lo que implica, ya que un llamado a tiempo puede ser la diferencia entre la vida o la muerte. Nos encontramos que finalmente est\u00e1 el servicio activo y que las gestiones llegaron a buen puerto. El gobernador, Rodolfo Su\u00e1rez, tambi\u00e9n lo hizo p\u00fablico, y agradecemos las gestiones\u201d<\/em><\/strong>, dijo Jorge Noguerol, presidente de la C\u00e1mara de Alvear.<\/p>\n<p><em><strong>\u201cSiempre estuvimos detr\u00e1s del tema y es bueno que al fin est\u00e9 concretado. Creimos oportuno plantear nuevamente el tema en el d\u00eda de Campo y ahora est\u00e1 el resultado. Es un bien para todo el sector productivo pero en especial para la comunidad. Agradecemos al ministro de Infraestructura Mario Isgr\u00f3 por colaborar con nosotros en las gestiones\u00bb<\/strong><\/em>, afirm\u00f3 Ramiro Labay, presidente de la espec\u00edfica de Ganader\u00eda de la entidad.<\/p>\n","protected":false},"excerpt":{"rendered":"<p>Por cinco a\u00f1os, desde la instalaci\u00f3n de la torre para telefon\u00eda que se instal\u00f3 en La Mora, ruta nacional 188, la &#8230;<\/p>\n","protected":false},"author":7,"featured_media":123702,"comment_status":"open","ping_status":"open","sticky":false,"template":"","format":"standard","meta":{"footnotes":""},"categories":[1],"tags":[],"class_list":["post-123700","post","type-post","status-publish","format-standard","has-post-thumbnail","hentry","category-fmvinas"],"_links":{"self":[{"href":"https:\/\/vinasfm.com\/noticias\/wp-json\/wp\/v2\/posts\/123700","targetHints":{"allow":["GET"]}}],"collection":[{"href":"https:\/\/vinasfm.com\/noticias\/wp-json\/wp\/v2\/posts"}],"about":[{"href":"https:\/\/vinasfm.com\/noticias\/wp-json\/wp\/v2\/types\/post"}],"author":[{"embeddable":true,"href":"https:\/\/vinasfm.com\/noticias\/wp-json\/wp\/v2\/users\/7"}],"replies":[{"embeddable":true,"href":"https:\/\/vinasfm.com\/noticias\/wp-json\/wp\/v2\/comments?post=123700"}],"version-history":[{"count":2,"href":"https:\/\/vinasfm.com\/noticias\/wp-json\/wp\/v2\/posts\/123700\/revisions"}],"predecessor-version":[{"id":123703,"href":"https:\/\/vinasfm.com\/noticias\/wp-json\/wp\/v2\/posts\/123700\/revisions\/123703"}],"wp:featuredmedia":[{"embeddable":true,"href":"https:\/\/vinasfm.com\/noticias\/wp-json\/wp\/v2\/media\/123702"}],"wp:attachment":[{"href":"https:\/\/vinasfm.com\/noticias\/wp-json\/wp\/v2\/media?parent=123700"}],"wp:term":[{"taxonomy":"category","embeddable":true,"href":"https:\/\/vinasfm.com\/noticias\/wp-json\/wp\/v2\/categories?post=123700"},{"taxonomy":"post_tag","embeddable":true,"href":"https:\/\/vinasfm.com\/noticias\/wp-json\/wp\/v2\/tags?post=123700"}],"curies":[{"name":"wp","href":"https:\/\/api.w.org\/{rel}","templated":true}]}}