{"id":123692,"date":"2023-06-22T11:40:39","date_gmt":"2023-06-22T14:40:39","guid":{"rendered":"https:\/\/vinasfm.com\/noticias\/?p=123692"},"modified":"2023-06-23T10:18:11","modified_gmt":"2023-06-23T13:18:11","slug":"el-gobernador-rodolfo-suarez-celebro-el-funcionamiento-de-la-antena-ubicada-en-la-mora","status":"publish","type":"post","link":"https:\/\/vinasfm.com\/noticias\/el-gobernador-rodolfo-suarez-celebro-el-funcionamiento-de-la-antena-ubicada-en-la-mora\/","title":{"rendered":"EL GOBERNADOR RODOLFO SUAREZ CELEBR\u00d3 EL FUNCIONAMIENTO DE LA ANTENA UBICADA EN LA MORA"},"content":{"rendered":"<p><strong>Suarez manifest\u00f3 a trav\u00e9s de Twitter el agrado por la antena ubicada en La Mora que<\/strong> <strong>permitir\u00e1 que los habitantes de la zona est\u00e9n comunicados y ayudar\u00e1 a actuar r\u00e1pidamente en caso de accidentes.<\/strong><\/p>\n<p><em><strong>\u201cEn el marco de la Fiesta de la Ganader\u00eda, nos comprometimos a trabajar por la mejora de la conectividad en la Ruta 188. Hoy, hemos logrado establecer una se\u00f1al de alta calidad en la ruta, abarcando desde La Mora en Mendoza hasta La Maroma en San Luis<\/strong><strong>\u201d<\/strong><\/em>, expres\u00f3 Suarez en su perfil de la red social y agreg\u00f3<em><strong> \u201cEsto permite brindar a los usuarios una experiencia de conexi\u00f3n fluida, constante y eficiente. Tras recibir solicitudes, poner en marcha trabajos de ingenier\u00eda y ejecutar pruebas t\u00e9cnicas, el servicio fue activado con \u00e9xito\u201d.<\/strong><\/em><\/p>\n<p>La publicaci\u00f3n fue acompa\u00f1ada por el<span style=\"color: #0000ff;\"><strong> #MendozaEnAcci\u00f3n<\/strong><\/span><\/p>\n","protected":false},"excerpt":{"rendered":"<p>Suarez manifest\u00f3 a trav\u00e9s de Twitter el agrado por la antena ubicada en La Mora que permitir\u00e1 que los habitantes de &#8230;<\/p>\n","protected":false},"author":7,"featured_media":122644,"comment_status":"open","ping_status":"open","sticky":false,"template":"","format":"standard","meta":{"footnotes":""},"categories":[5,10],"tags":[],"class_list":["post-123692","post","type-post","status-publish","format-standard","has-post-thumbnail","hentry","category-actualidad","category-destacadas"],"_links":{"self":[{"href":"https:\/\/vinasfm.com\/noticias\/wp-json\/wp\/v2\/posts\/123692","targetHints":{"allow":["GET"]}}],"collection":[{"href":"https:\/\/vinasfm.com\/noticias\/wp-json\/wp\/v2\/posts"}],"about":[{"href":"https:\/\/vinasfm.com\/noticias\/wp-json\/wp\/v2\/types\/post"}],"author":[{"embeddable":true,"href":"https:\/\/vinasfm.com\/noticias\/wp-json\/wp\/v2\/users\/7"}],"replies":[{"embeddable":true,"href":"https:\/\/vinasfm.com\/noticias\/wp-json\/wp\/v2\/comments?post=123692"}],"version-history":[{"count":1,"href":"https:\/\/vinasfm.com\/noticias\/wp-json\/wp\/v2\/posts\/123692\/revisions"}],"predecessor-version":[{"id":123693,"href":"https:\/\/vinasfm.com\/noticias\/wp-json\/wp\/v2\/posts\/123692\/revisions\/123693"}],"wp:featuredmedia":[{"embeddable":true,"href":"https:\/\/vinasfm.com\/noticias\/wp-json\/wp\/v2\/media\/122644"}],"wp:attachment":[{"href":"https:\/\/vinasfm.com\/noticias\/wp-json\/wp\/v2\/media?parent=123692"}],"wp:term":[{"taxonomy":"category","embeddable":true,"href":"https:\/\/vinasfm.com\/noticias\/wp-json\/wp\/v2\/categories?post=123692"},{"taxonomy":"post_tag","embeddable":true,"href":"https:\/\/vinasfm.com\/noticias\/wp-json\/wp\/v2\/tags?post=123692"}],"curies":[{"name":"wp","href":"https:\/\/api.w.org\/{rel}","templated":true}]}}