{"id":123673,"date":"2023-06-22T08:39:17","date_gmt":"2023-06-22T11:39:17","guid":{"rendered":"https:\/\/vinasfm.com\/noticias\/?p=123673"},"modified":"2023-06-22T08:39:17","modified_gmt":"2023-06-22T11:39:17","slug":"alerta-naranja-por-nevadas-en-mendoza-que-zonas-se-cubriran-de-blanco","status":"publish","type":"post","link":"https:\/\/vinasfm.com\/noticias\/alerta-naranja-por-nevadas-en-mendoza-que-zonas-se-cubriran-de-blanco\/","title":{"rendered":"ALERTA NARANJA POR NEVADAS EN MENDOZA: \u00bfQU\u00c9 ZONAS SE CUBRIR\u00c1N DE BLANCO?"},"content":{"rendered":"<p><strong>El pron\u00f3stico para Mendoza indica nubosidad variable con ascenso de la temperatura y vientos moderados del noreste.<\/strong><\/p>\n<p>El\u00a0<strong>Servicio Meteorol\u00f3gico Nacional\u00a0(SMN)<\/strong>\u00a0anticipa para este jueves ascenso\u00a0de la temperatura, cielo mayormente nublado\u00a0y vientos moderados del noreste. El sistema nacional\u00a0emiti\u00f3\u00a0<strong>alerta<\/strong>\u00a0naranja por nevadas intensas en algunos sectores de la provincia de Mendoza.<\/p>\n<p>El\u00a0<strong>SMN<\/strong>\u00a0pronostic\u00f3 condiciones de inestabilidad en la Cordillera de los Andes y un\u00a0<strong>alerta<\/strong>\u00a0naranja por\u00a0nevadas.<\/p>\n<p><em><strong>\u00abEl \u00e1rea ser\u00e1 afectada por nevadas intensas y persistentes. La nieve acumulada puede alcanzar valores entre 60 y 80 cm, pudiendo ser superados en forma puntual. El fen\u00f3meno tambi\u00e9n estar\u00e1 acompa\u00f1ado por vientos fuertes, por lo que puede generarse reducci\u00f3n de visibilidad por nieve en suspensi\u00f3n\u00bb<\/strong><\/em>, destaca el organismo en referencia al fen\u00f3meno meteorol\u00f3gico.<\/p>\n<p>&nbsp;<\/p>\n","protected":false},"excerpt":{"rendered":"<p>El pron\u00f3stico para Mendoza indica nubosidad variable con ascenso de la temperatura y vientos moderados del noreste. El\u00a0Servicio Meteorol\u00f3gico Nacional\u00a0(SMN)\u00a0anticipa para &#8230;<\/p>\n","protected":false},"author":7,"featured_media":123674,"comment_status":"open","ping_status":"open","sticky":false,"template":"","format":"standard","meta":{"footnotes":""},"categories":[1],"tags":[],"class_list":["post-123673","post","type-post","status-publish","format-standard","has-post-thumbnail","hentry","category-fmvinas"],"_links":{"self":[{"href":"https:\/\/vinasfm.com\/noticias\/wp-json\/wp\/v2\/posts\/123673","targetHints":{"allow":["GET"]}}],"collection":[{"href":"https:\/\/vinasfm.com\/noticias\/wp-json\/wp\/v2\/posts"}],"about":[{"href":"https:\/\/vinasfm.com\/noticias\/wp-json\/wp\/v2\/types\/post"}],"author":[{"embeddable":true,"href":"https:\/\/vinasfm.com\/noticias\/wp-json\/wp\/v2\/users\/7"}],"replies":[{"embeddable":true,"href":"https:\/\/vinasfm.com\/noticias\/wp-json\/wp\/v2\/comments?post=123673"}],"version-history":[{"count":1,"href":"https:\/\/vinasfm.com\/noticias\/wp-json\/wp\/v2\/posts\/123673\/revisions"}],"predecessor-version":[{"id":123675,"href":"https:\/\/vinasfm.com\/noticias\/wp-json\/wp\/v2\/posts\/123673\/revisions\/123675"}],"wp:featuredmedia":[{"embeddable":true,"href":"https:\/\/vinasfm.com\/noticias\/wp-json\/wp\/v2\/media\/123674"}],"wp:attachment":[{"href":"https:\/\/vinasfm.com\/noticias\/wp-json\/wp\/v2\/media?parent=123673"}],"wp:term":[{"taxonomy":"category","embeddable":true,"href":"https:\/\/vinasfm.com\/noticias\/wp-json\/wp\/v2\/categories?post=123673"},{"taxonomy":"post_tag","embeddable":true,"href":"https:\/\/vinasfm.com\/noticias\/wp-json\/wp\/v2\/tags?post=123673"}],"curies":[{"name":"wp","href":"https:\/\/api.w.org\/{rel}","templated":true}]}}