{"id":123604,"date":"2023-06-20T20:07:43","date_gmt":"2023-06-20T23:07:43","guid":{"rendered":"https:\/\/vinasfm.com\/noticias\/?p=123604"},"modified":"2023-06-20T20:09:45","modified_gmt":"2023-06-20T23:09:45","slug":"apresaron-a-un-hombre-por-presuntos-abusos-sexuales-a-una-menor","status":"publish","type":"post","link":"https:\/\/vinasfm.com\/noticias\/apresaron-a-un-hombre-por-presuntos-abusos-sexuales-a-una-menor\/","title":{"rendered":"APRESARON A UN HOMBRE POR PRESUNTOS ABUSOS SEXUALES A UNA MENOR"},"content":{"rendered":"<p><strong>Un hombre de 54 a\u00f1os, identificado como Francisco Retamales fue detenido en las \u00faltimas horas acusado de, al menos, tres hechos de abusos sexuales contra una menor de edad en General Alvear.<\/strong><\/p>\n<p><strong>Originalmente, el acusado oriundo de General Alvear era investigado por un hecho denunciado por allegados de una ni\u00f1a de 13 a\u00f1os<\/strong>, el delito habr\u00eda ocurrido cuatro a\u00f1os atr\u00e1s. Sin embargo, en las \u00faltimas horas la fiscal\u00eda que investiga el caso le habr\u00eda imputado la comisi\u00f3n de otros dos hechos de similares caracter\u00edsticas,<strong> por lo que su situaci\u00f3n procesal se agravo y se decidi\u00f3 su traslado a la unidad penal de El Cerrito, en San Rafael.<\/strong><\/p>\n<p>Ahora, <strong>Retamales deber\u00e1 enfrentar un proceso penal en su contra por dos abusos sexuales agravados y uno simple. <\/strong><\/p>\n<p>Adem\u00e1s, las figuras se agravar\u00edan por la reiteraci\u00f3n de los delitos contra la misma v\u00edctima y por el parentesco que existe entre ambos.<\/p>\n<p><strong>Fuentes tribunalicias estimaron que en los pr\u00f3ximo meses podr\u00eda desarrollarse el debate en contra del acusados, si es que no se arriba a un juicio abreviado antes.<\/strong><\/p>\n","protected":false},"excerpt":{"rendered":"<p>Un hombre de 54 a\u00f1os, identificado como Francisco Retamales fue detenido en las \u00faltimas horas acusado de, al menos, tres hechos &#8230;<\/p>\n","protected":false},"author":7,"featured_media":123605,"comment_status":"open","ping_status":"open","sticky":false,"template":"","format":"standard","meta":{"footnotes":""},"categories":[1],"tags":[],"class_list":["post-123604","post","type-post","status-publish","format-standard","has-post-thumbnail","hentry","category-fmvinas"],"_links":{"self":[{"href":"https:\/\/vinasfm.com\/noticias\/wp-json\/wp\/v2\/posts\/123604","targetHints":{"allow":["GET"]}}],"collection":[{"href":"https:\/\/vinasfm.com\/noticias\/wp-json\/wp\/v2\/posts"}],"about":[{"href":"https:\/\/vinasfm.com\/noticias\/wp-json\/wp\/v2\/types\/post"}],"author":[{"embeddable":true,"href":"https:\/\/vinasfm.com\/noticias\/wp-json\/wp\/v2\/users\/7"}],"replies":[{"embeddable":true,"href":"https:\/\/vinasfm.com\/noticias\/wp-json\/wp\/v2\/comments?post=123604"}],"version-history":[{"count":3,"href":"https:\/\/vinasfm.com\/noticias\/wp-json\/wp\/v2\/posts\/123604\/revisions"}],"predecessor-version":[{"id":123608,"href":"https:\/\/vinasfm.com\/noticias\/wp-json\/wp\/v2\/posts\/123604\/revisions\/123608"}],"wp:featuredmedia":[{"embeddable":true,"href":"https:\/\/vinasfm.com\/noticias\/wp-json\/wp\/v2\/media\/123605"}],"wp:attachment":[{"href":"https:\/\/vinasfm.com\/noticias\/wp-json\/wp\/v2\/media?parent=123604"}],"wp:term":[{"taxonomy":"category","embeddable":true,"href":"https:\/\/vinasfm.com\/noticias\/wp-json\/wp\/v2\/categories?post=123604"},{"taxonomy":"post_tag","embeddable":true,"href":"https:\/\/vinasfm.com\/noticias\/wp-json\/wp\/v2\/tags?post=123604"}],"curies":[{"name":"wp","href":"https:\/\/api.w.org\/{rel}","templated":true}]}}