{"id":123603,"date":"2023-06-20T20:35:18","date_gmt":"2023-06-20T23:35:18","guid":{"rendered":"https:\/\/vinasfm.com\/noticias\/?p=123603"},"modified":"2023-06-22T08:10:55","modified_gmt":"2023-06-22T11:10:55","slug":"20-de-junio-dia-de-la-bandera","status":"publish","type":"post","link":"https:\/\/vinasfm.com\/noticias\/20-de-junio-dia-de-la-bandera\/","title":{"rendered":"20 DE JUNIO: D\u00cdA DE LA BANDERA"},"content":{"rendered":"<p><strong>El Club Ferro Carril Oeste fue el escenario elegido para llevar a cabo los actos oficiales por el D\u00eda de la Bandera en nuestro departamento.<\/strong><\/p>\n<p class=\"com-subhead --bajada --m-xs-\">La fecha conmemora el d\u00eda de 1820 en que muri\u00f3 Manuel Belgrano, creador de este emblema nacional. Autoridades departamentales, instituciones educativas y distintas personalidades se reunieron en Alvear Oeste con el fin de celebrar nuestra insignia patria.<\/p>\n<p><img loading=\"lazy\" decoding=\"async\" class=\"\" src=\"https:\/\/scontent.fuaq1-1.fna.fbcdn.net\/v\/t39.30808-6\/355158245_569521215378154_1567763001905976570_n.jpg?_nc_cat=108&amp;ccb=1-7&amp;_nc_sid=8bfeb9&amp;_nc_ohc=_IHnqIKs7I8AX-qUk54&amp;_nc_ht=scontent.fuaq1-1.fna&amp;oh=00_AfCZaYX7ZiLzJ0jlC4J7kpGmu-dKrq91UfRKXldc9RrBNA&amp;oe=64965B6F\" alt=\"Puede ser una imagen de 4 personas, bot\u00f3n y texto\" width=\"350\" height=\"234\" \/> <img loading=\"lazy\" decoding=\"async\" class=\"\" src=\"https:\/\/scontent.fuaq1-1.fna.fbcdn.net\/v\/t39.30808-6\/355132352_569522055378070_2045291916865132485_n.jpg?_nc_cat=105&amp;ccb=1-7&amp;_nc_sid=8bfeb9&amp;_nc_ohc=cAtZOfqAWywAX_NZuUw&amp;_nc_oc=AQllHrYwdi0T68x_NO5-2WJqgps1tR3RrC-AZBndwCREvotCBHJhMthnKNCgw1HmBbg&amp;_nc_ht=scontent.fuaq1-1.fna&amp;oh=00_AfAyEALkjPUyLUqr0d43kZUHtmI_BiYZl2prvwauKcOH6w&amp;oe=6496DBD4\" alt=\"Puede ser una imagen de 9 personas y monumento\" width=\"350\" height=\"233\" \/><\/p>\n<p>El delegado de Alvear Oeste fue el primero en tomar la palabra. <em><strong>\u00abCuando hablamos de Manuel Belgrano tenemos que entender que fue una de las personas m\u00e1s trascendentales y completas en la historia de nuestra patria, porque no solamente intervino en nuestra patria en una sola faceta. Belgrano actu\u00f3 desde una parte militar, educativa, industrial, period\u00edstica y pol\u00edtica, a medida que lo estudiamos entendemos que intervino muchos sectores de nuestra patria\u00bb<\/strong><\/em>, expres\u00f3 <strong><span style=\"color: #800080;\">Emanuel Navarro.<\/span><\/strong><\/p>\n<p><em><strong>\u00abBelgrano ten\u00eda una firme y clara convicci\u00f3n, cada vez que se fundaba una escuela era sembrar en las almas. Fue pionero en hablar de inclusi\u00f3n y tom\u00f3 medidas para hacerla realidad; fund\u00f3 la primera escuela para ni\u00f1as, exigi\u00f3 que se guardaran asientos en las escuelas para negros y mulatos con el fin de que accedieran a la educaci\u00f3n\u00bb<\/strong><\/em>, reflexion\u00f3 Navarro y continu\u00f3, <strong><em>\u00abtenemos que hablar de su empat\u00eda y generosidad. No ten\u00eda vocaci\u00f3n militar pero no titubeo un momento teniendo como consigna que la &#8216;la vida es nada si la libertad se pierde'\u00bb.<\/em><\/strong><\/p>\n<p>Por \u00faltimo, el delgado de Alvear Oeste cerr\u00f3 su discurso; <strong><em>\u00abtenemos que recordar el amor que ten\u00eda hacia la patria y su humildad, cuando muchos lo catalogaban como un padre de la patria \u00e9l dec\u00eda &#8216;mucho me falta para ser un verdadero padre de la patria, me contentar\u00eda con un buen hijo&#8217;. Hoy en este d\u00eda de reflexi\u00f3n tenemos que seguir los ideales de buscar el bien com\u00fan\u00bb.<\/em><\/strong><\/p>\n<p><img loading=\"lazy\" decoding=\"async\" class=\"aligncenter\" src=\"https:\/\/scontent.fuaq1-1.fna.fbcdn.net\/v\/t39.30808-6\/355101456_569521532044789_5591041881799095263_n.jpg?_nc_cat=101&amp;ccb=1-7&amp;_nc_sid=8bfeb9&amp;_nc_ohc=x2QnyT0lPqUAX-kK7SK&amp;_nc_ht=scontent.fuaq1-1.fna&amp;oh=00_AfB5WBghrdF18Bxf1rjSn85SgkLqQDCh2rSDHFDkWETZVw&amp;oe=64972F34\" alt=\"Puede ser una imagen de 1 persona, jugando al f\u00fatbol, jugando al f\u00fatbol y texto que dice &quot;B ATLETIS F.C. OE A C&quot;\" width=\"501\" height=\"334\" \/><\/p>\n<h6 style=\"text-align: center;\">Delegado de Alvear Oeste, Emanuel Navarro<\/h6>\n<p>El Sr. Intendente <strong><span style=\"color: #800080;\">Walther Marcolini<\/span><\/strong> tambi\u00e9n hizo uso de la palabra; <em><strong>\u00abeste es un d\u00eda especial y estamos para honrar la memoria de Manuel Belgrano. Es muy importante entender c\u00f3mo Belgrano lleg\u00f3 a su profundo amor por la independencia\u00bb<\/strong><\/em>, comenz\u00f3 Marcolini.<\/p>\n<p><em><strong>\u00abEste hombre que naci\u00f3 el 3 de junio de 1770, y muri\u00f3 20 a\u00f1os despu\u00e9s, tuvo una profunda formaci\u00f3n al servicio y merece nuestra reflexi\u00f3n. Manuel Belgrano fue un hombre intelectual, progresista, pol\u00edtico y estadista; defendi\u00f3 la independencia y promovi\u00f3 la cultura y educaci\u00f3n a su pueblo\u00bb<\/strong><\/em>, desarroll\u00f3.<\/p>\n<p><strong><em>\u00abEl d\u00eda del fallecimiento de Belgrano, el 20 de junio de 1820, fue un d\u00eda triste para Argentina. Ser\u00e1 recordado como por ser precursor de la libertad e independencia; debemos rendirle homenaje y hacerlo es responsabilidad del pueblo argentino. En cada plaza de cada pueblo debe haber una bandera flameando\u00bb<\/em><\/strong>, concluy\u00f3 el Sr. Intendente Walther Marcolini.<\/p>\n<p><img loading=\"lazy\" decoding=\"async\" class=\"aligncenter\" src=\"https:\/\/scontent.fuaq1-1.fna.fbcdn.net\/v\/t39.30808-6\/352419231_569521672044775_7104989643548311792_n.jpg?_nc_cat=104&amp;ccb=1-7&amp;_nc_sid=8bfeb9&amp;_nc_ohc=XS2Mgvez1TEAX-QrDLL&amp;_nc_ht=scontent.fuaq1-1.fna&amp;oh=00_AfDIhBLV47XujVep_bTOWKatKfatPeM1dPQ7vFuIkG2O9Q&amp;oe=6497E2B3\" alt=\"Puede ser una imagen de 1 persona\" width=\"500\" height=\"334\" \/><\/p>\n<h6 style=\"text-align: center;\">El Sr. Intendente Walther Marcolini.<\/h6>\n<p>El acto tambi\u00e9n dio lugar a la Promesa de lealtad a la Bandera, de la cual participaron alumnos de 4to grado de escuelas primarias y jura de cadetes de IUSP.<\/p>\n<p><img loading=\"lazy\" decoding=\"async\" class=\"\" src=\"https:\/\/scontent.fuaq1-1.fna.fbcdn.net\/v\/t39.30808-6\/355119701_569520822044860_3811760354144522582_n.jpg?_nc_cat=111&amp;ccb=1-7&amp;_nc_sid=8bfeb9&amp;_nc_ohc=2kiSyKnOWdkAX9zIQMO&amp;_nc_ht=scontent.fuaq1-1.fna&amp;oh=00_AfBpbJ_AiqGdkNbuaI5-VPqGyPuVY4D9GtSq0JEtbVoXsg&amp;oe=6497B279\" alt=\"Puede ser una imagen de una o varias personas y hospital\" width=\"350\" height=\"234\" \/> <img loading=\"lazy\" decoding=\"async\" class=\"\" src=\"https:\/\/scontent.fuaq1-1.fna.fbcdn.net\/v\/t39.30808-6\/355484918_569522148711394_1886771830139083643_n.jpg?_nc_cat=108&amp;ccb=1-7&amp;_nc_sid=8bfeb9&amp;_nc_ohc=dEd8VEzc0pgAX-ctO0w&amp;_nc_ht=scontent.fuaq1-1.fna&amp;oh=00_AfDi1HVSmd9yOZSEVHEhhAnntFHp_OQ-ht_M_PC6DTRWoQ&amp;oe=649663A0\" alt=\"Puede ser una imagen de 9 personas\" width=\"350\" height=\"233\" \/><img loading=\"lazy\" decoding=\"async\" class=\"\" src=\"https:\/\/scontent.fuaq1-1.fna.fbcdn.net\/v\/t39.30808-6\/355317483_569522222044720_5237232067932003621_n.jpg?_nc_cat=108&amp;ccb=1-7&amp;_nc_sid=8bfeb9&amp;_nc_ohc=wLPSfXGRWicAX-NLaqO&amp;_nc_ht=scontent.fuaq1-1.fna&amp;oh=00_AfC18pmwXVRJvB7IbUEknJCxZy0UO40v7dKp3ECiwAQWJg&amp;oe=649772D4\" alt=\"Puede ser una imagen de 10 personas y texto que dice &quot;CLUB ATLETICO&quot;\" width=\"350\" height=\"233\" \/> <img loading=\"lazy\" decoding=\"async\" class=\"\" src=\"https:\/\/scontent.fuaq1-1.fna.fbcdn.net\/v\/t39.30808-6\/354584332_569521828711426_3730303893012251325_n.jpg?_nc_cat=100&amp;ccb=1-7&amp;_nc_sid=8bfeb9&amp;_nc_ohc=ABOODPgEBNwAX-vX2dG&amp;_nc_ht=scontent.fuaq1-1.fna&amp;oh=00_AfBengIrs0d60BDskslDiZcTtiH8DxoVRMlTe8nUQYCXWg&amp;oe=6496567D\" alt=\"Puede ser una imagen de 19 personas y clarinete\" width=\"350\" height=\"234\" \/><\/p>\n<p><strong>\u00abNo busco glorias si no la uni\u00f3n de los americanos y la prosperidad de La Patria\u00bb. <\/strong><\/p>\n<h5>Manuel Jos\u00e9 Joaqu\u00edn del Coraz\u00f3n de Jes\u00fas Belgrano Gonz\u00e1lez\u200b<\/h5>\n<h6><strong>Vallejos, G.<\/strong><\/h6>\n","protected":false},"excerpt":{"rendered":"<p>El Club Ferro Carril Oeste fue el escenario elegido para llevar a cabo los actos oficiales por el D\u00eda de la &#8230;<\/p>\n","protected":false},"author":7,"featured_media":123609,"comment_status":"open","ping_status":"open","sticky":false,"template":"","format":"standard","meta":{"footnotes":""},"categories":[5,10],"tags":[],"class_list":["post-123603","post","type-post","status-publish","format-standard","has-post-thumbnail","hentry","category-actualidad","category-destacadas"],"_links":{"self":[{"href":"https:\/\/vinasfm.com\/noticias\/wp-json\/wp\/v2\/posts\/123603","targetHints":{"allow":["GET"]}}],"collection":[{"href":"https:\/\/vinasfm.com\/noticias\/wp-json\/wp\/v2\/posts"}],"about":[{"href":"https:\/\/vinasfm.com\/noticias\/wp-json\/wp\/v2\/types\/post"}],"author":[{"embeddable":true,"href":"https:\/\/vinasfm.com\/noticias\/wp-json\/wp\/v2\/users\/7"}],"replies":[{"embeddable":true,"href":"https:\/\/vinasfm.com\/noticias\/wp-json\/wp\/v2\/comments?post=123603"}],"version-history":[{"count":1,"href":"https:\/\/vinasfm.com\/noticias\/wp-json\/wp\/v2\/posts\/123603\/revisions"}],"predecessor-version":[{"id":123610,"href":"https:\/\/vinasfm.com\/noticias\/wp-json\/wp\/v2\/posts\/123603\/revisions\/123610"}],"wp:featuredmedia":[{"embeddable":true,"href":"https:\/\/vinasfm.com\/noticias\/wp-json\/wp\/v2\/media\/123609"}],"wp:attachment":[{"href":"https:\/\/vinasfm.com\/noticias\/wp-json\/wp\/v2\/media?parent=123603"}],"wp:term":[{"taxonomy":"category","embeddable":true,"href":"https:\/\/vinasfm.com\/noticias\/wp-json\/wp\/v2\/categories?post=123603"},{"taxonomy":"post_tag","embeddable":true,"href":"https:\/\/vinasfm.com\/noticias\/wp-json\/wp\/v2\/tags?post=123603"}],"curies":[{"name":"wp","href":"https:\/\/api.w.org\/{rel}","templated":true}]}}