{"id":123594,"date":"2023-06-20T10:15:49","date_gmt":"2023-06-20T13:15:49","guid":{"rendered":"https:\/\/vinasfm.com\/noticias\/?p=123594"},"modified":"2023-06-21T10:30:20","modified_gmt":"2023-06-21T13:30:20","slug":"el-gobierno-culpo-a-vialidad-nacional-y-a-los-camioneros-por-la-suciedad-en-la-ruta-a-chile","status":"publish","type":"post","link":"https:\/\/vinasfm.com\/noticias\/el-gobierno-culpo-a-vialidad-nacional-y-a-los-camioneros-por-la-suciedad-en-la-ruta-a-chile\/","title":{"rendered":"EL GOBIERNO CULP\u00d3 A VIALIDAD NACIONAL Y A LOS CAMIONEROS POR LA SUCIEDAD EN LA RUTA A CHILE"},"content":{"rendered":"<p><strong>El secretario de Ambiente, Humberto Mingorance, los responsabiliz\u00f3 por tirar basura en las banquinas<\/strong><\/p>\n<p>En las \u00faltimas 48 horas, el secretario de Ambiente de la provincia,<strong>\u00a0Humberto Mingorance<\/strong>, encabez\u00f3 una suerte de cruzada en contra de\u00a0<strong>Vialidad Nacional<\/strong>\u00a0por la higiene a la vera del tramo de la Ruta 7, que va de la Ruta 40 al t\u00fanel internacional Cristo Redentor.<\/p>\n<p>Al funcionario se lo vio muy activo en las redes sociales reclamando que desde el organismo que en Mendoza conduce Guillermo Amstutz se hicieran cargo del da\u00f1o ambiental que ocasiona la falta de limpieza en las calzadas. Y asegur\u00f3: <strong><em>\u201cVoy a emplazar a la Direcci\u00f3n Nacional de Vialidad para que lleve adelante un operativo de limpieza en el Corredor Bioce\u00e1nico (Ruta 7)\u201d.<\/em><\/strong><\/p>\n<aside class=\"scaip scaip-1 \"><\/aside>\n<figure class=\"wp-block-embed is-type-rich is-provider-twitter wp-block-embed-twitter\">\n<div class=\"wp-block-embed__wrapper\">\n<div class=\"twitter-tweet twitter-tweet-rendered\"><iframe id=\"twitter-widget-0\" class=\"\" title=\"Twitter Tweet\" src=\"https:\/\/platform.twitter.com\/embed\/Tweet.html?creatorScreenName=elsolonline&amp;dnt=true&amp;embedId=twitter-widget-0&amp;features=eyJ0ZndfdGltZWxpbmVfbGlzdCI6eyJidWNrZXQiOltdLCJ2ZXJzaW9uIjpudWxsfSwidGZ3X2ZvbGxvd2VyX2NvdW50X3N1bnNldCI6eyJidWNrZXQiOnRydWUsInZlcnNpb24iOm51bGx9LCJ0ZndfdHdlZXRfZWRpdF9iYWNrZW5kIjp7ImJ1Y2tldCI6Im9uIiwidmVyc2lvbiI6bnVsbH0sInRmd19yZWZzcmNfc2Vzc2lvbiI6eyJidWNrZXQiOiJvbiIsInZlcnNpb24iOm51bGx9LCJ0ZndfZm9zbnJfc29mdF9pbnRlcnZlbnRpb25zX2VuYWJsZWQiOnsiYnVja2V0Ijoib24iLCJ2ZXJzaW9uIjpudWxsfSwidGZ3X21peGVkX21lZGlhXzE1ODk3Ijp7ImJ1Y2tldCI6InRyZWF0bWVudCIsInZlcnNpb24iOm51bGx9LCJ0ZndfZXhwZXJpbWVudHNfY29va2llX2V4cGlyYXRpb24iOnsiYnVja2V0IjoxMjA5NjAwLCJ2ZXJzaW9uIjpudWxsfSwidGZ3X3Nob3dfYmlyZHdhdGNoX3Bpdm90c19lbmFibGVkIjp7ImJ1Y2tldCI6Im9uIiwidmVyc2lvbiI6bnVsbH0sInRmd19kdXBsaWNhdGVfc2NyaWJlc190b19zZXR0aW5ncyI6eyJidWNrZXQiOiJvbiIsInZlcnNpb24iOm51bGx9LCJ0ZndfdXNlX3Byb2ZpbGVfaW1hZ2Vfc2hhcGVfZW5hYmxlZCI6eyJidWNrZXQiOiJvbiIsInZlcnNpb24iOm51bGx9LCJ0ZndfdmlkZW9faGxzX2R5bmFtaWNfbWFuaWZlc3RzXzE1MDgyIjp7ImJ1Y2tldCI6InRydWVfYml0cmF0ZSIsInZlcnNpb24iOm51bGx9LCJ0ZndfbGVnYWN5X3RpbWVsaW5lX3N1bnNldCI6eyJidWNrZXQiOnRydWUsInZlcnNpb24iOm51bGx9LCJ0ZndfdHdlZXRfZWRpdF9mcm9udGVuZCI6eyJidWNrZXQiOiJvbiIsInZlcnNpb24iOm51bGx9fQ%3D%3D&amp;frame=false&amp;hideCard=false&amp;hideThread=false&amp;id=1670529917413408768&amp;lang=es&amp;origin=https%3A%2F%2Fwww.elsol.com.ar%2Fmendoza%2Fel-gobierno-culpo-a-vialidad-nacional-y-a-los-camioneros-por-la-suciedad-en-la-ruta-a-chile%2F&amp;sessionId=48dd024bca5b37469e6535dfaf61ca0b477ff1f0&amp;siteScreenName=elsolonline&amp;theme=light&amp;widgetsVersion=aaf4084522e3a%3A1674595607486&amp;width=550px\" frameborder=\"0\" scrolling=\"no\" allowfullscreen=\"allowfullscreen\" data-tweet-id=\"1670529917413408768\" data-mce-fragment=\"1\"><\/iframe><\/div>\n<\/div>\n<\/figure>\n<p><em><strong>\u201cLa verdad es que es un mensaje muy triste. Si tiene algo para reclamar o sugerir, podr\u00eda llamarme por tel\u00e9fono. Tiene mi n\u00famero. Siempre hablamos con la gente del gobierno provincial para colaborar entre todos. Con gusto lo voy a atender si me llama\u201d<\/strong>,<\/em>\u00a0respondi\u00f3 con algo de iron\u00eda\u00a0<strong>Amstutz<\/strong>, jefe del Distrito loca de Vialidad Nacional.<\/p>\n<p>El funcionario nacional aclar\u00f3 que la limpieza de las banquinas no es un tema espec\u00edfico del organismo que representa, pero que en ocasiones han hechos trabajos en conjunto, especialmente, con algunos municipios.<\/p>\n<aside class=\"scaip scaip-2 \"><\/aside>\n<p>Amstutz se mostr\u00f3 sorprendido por el tono de los mensajes de Mingorance y sobre la idea de un emplazamiento.\u00a0<em>\u201cSi fuera por una cuesti\u00f3n vinculada con el estado de las calzadas, por supuesto que me hago cargo. Pero qu\u00e9 tenemos que ver nosotros con la suciedad que tira la gente. Es el gobierno provincial el que deber\u00eda preocuparse por dar servicios para que eso no ocurra\u201d.<\/em><\/p>\n<p>Adem\u00e1s de emprender contra<strong>\u00a0Vialidad Nacional<\/strong>, Mingorance apunt\u00f3 a los transportistas: <em><strong>\u201cTambi\u00e9n le voy a solicitar al Sindicato de Camioneros, que concientice a sus agremiados, para que eviten tirar botellas con orina en la ruta\u201d.<\/strong><\/em><\/p>\n<p>Ricardo Squartini, presidente de\u00a0<strong>Aprocam\u00a0<\/strong>(Asociaci\u00f3n Propietarios de Camiones de Mendoza), tom\u00f3 el guante y se\u00f1al\u00f3 que la salida m\u00e1s f\u00e1cil es echarle la culpa a los camioneros.\u00a0<em><strong>\u201cAl parecer tiene un an\u00e1lisis hecho para saber que la basura y la orina la tiran los choferes. Habr\u00eda que preguntarle a este funcionario si el Estado va a instalar la infraestructura necesaria con los servicios b\u00e1sicos en el Corredor Bioce\u00e1nico o al menos poner cestos de basura\u201d<\/strong>,\u00a0<\/em>respondi\u00f3.<\/p>\n<section id=\"block-14\" class=\"below-content widget widget_block\">\n<div class=\"wp-block-newspack-blocks-homepage-articles wpnbha is-grid columns-3 colgap-3 show-image image-aligntop ts-3 is-3 is-landscape show-category has-text-align-left\">\n<div data-posts=\"\" data-current-post-id=\"1842887\"><\/div>\n<\/div>\n<\/section>\n","protected":false},"excerpt":{"rendered":"<p>El secretario de Ambiente, Humberto Mingorance, los responsabiliz\u00f3 por tirar basura en las banquinas En las \u00faltimas 48 horas, el secretario &#8230;<\/p>\n","protected":false},"author":7,"featured_media":123595,"comment_status":"open","ping_status":"open","sticky":false,"template":"","format":"standard","meta":{"footnotes":""},"categories":[5,10],"tags":[],"class_list":["post-123594","post","type-post","status-publish","format-standard","has-post-thumbnail","hentry","category-actualidad","category-destacadas"],"_links":{"self":[{"href":"https:\/\/vinasfm.com\/noticias\/wp-json\/wp\/v2\/posts\/123594","targetHints":{"allow":["GET"]}}],"collection":[{"href":"https:\/\/vinasfm.com\/noticias\/wp-json\/wp\/v2\/posts"}],"about":[{"href":"https:\/\/vinasfm.com\/noticias\/wp-json\/wp\/v2\/types\/post"}],"author":[{"embeddable":true,"href":"https:\/\/vinasfm.com\/noticias\/wp-json\/wp\/v2\/users\/7"}],"replies":[{"embeddable":true,"href":"https:\/\/vinasfm.com\/noticias\/wp-json\/wp\/v2\/comments?post=123594"}],"version-history":[{"count":2,"href":"https:\/\/vinasfm.com\/noticias\/wp-json\/wp\/v2\/posts\/123594\/revisions"}],"predecessor-version":[{"id":123633,"href":"https:\/\/vinasfm.com\/noticias\/wp-json\/wp\/v2\/posts\/123594\/revisions\/123633"}],"wp:featuredmedia":[{"embeddable":true,"href":"https:\/\/vinasfm.com\/noticias\/wp-json\/wp\/v2\/media\/123595"}],"wp:attachment":[{"href":"https:\/\/vinasfm.com\/noticias\/wp-json\/wp\/v2\/media?parent=123594"}],"wp:term":[{"taxonomy":"category","embeddable":true,"href":"https:\/\/vinasfm.com\/noticias\/wp-json\/wp\/v2\/categories?post=123594"},{"taxonomy":"post_tag","embeddable":true,"href":"https:\/\/vinasfm.com\/noticias\/wp-json\/wp\/v2\/tags?post=123594"}],"curies":[{"name":"wp","href":"https:\/\/api.w.org\/{rel}","templated":true}]}}